{"id":1231210,"date":"2021-07-21T08:05:59","date_gmt":"2021-07-21T13:05:59","guid":{"rendered":"https:\/\/www.acapulco.press\/?p=1231210"},"modified":"2021-07-21T08:05:59","modified_gmt":"2021-07-21T13:05:59","slug":"capturan-ministeriales-a-un-violador-en-tlapa","status":"publish","type":"post","link":"https:\/\/www.acapulcopress.com\/index.php\/2021\/07\/21\/capturan-ministeriales-a-un-violador-en-tlapa\/","title":{"rendered":"Capturan ministeriales a un violador en Tlapa"},"content":{"rendered":"<p style=\"text-align: justify;\">\nCHILPANCINGO. * 20 de julio de 2021.<br \/>\n<em>) <a href=\"https:\/\/fiscaliaguerrero.gob.mx\" target=\"_blank\" rel=\"noopener\">https:\/\/fiscaliaguerrero.gob.mx<\/a>.<\/em><\/p>\n<p style=\"text-align: justify;\">La Polici\u0301a Investigadora Ministerial adscrita a Delitos Sexuales y Violencia Familiar de Tlapa de Comonfort, cumplimento\u0301 la orden de aprehensio\u0301n en contra de Hermenegildo \u00abN\u00bb, como probable responsable del delito de violacio\u0301n equiparada agravada.<\/p>\n<p style=\"text-align: justify;\">Por hechos acontecidos en la carpeta judicial C-217\/2021, del mes de marzo del presente an\u0303o, la cual sen\u0303ala que el imputado llego\u0301 a la habitacio\u0301n de la vi\u0301ctima para cometer el delito.<\/p>\n<p style=\"text-align: justify;\">La detencio\u0301n fue realizada en el paraje Montero, municipio de Malinaltepec, para posteriormente ser puesto a disposicio\u0301n del Juez de Control y Enjuiciamiento Penal en Tlapa de Comonfort, quien determinara\u0301 la situacio\u0301n juri\u0301dica.<\/p>\n<p style=\"text-align: justify;\">La Fiscal\u00eda General del Estado continuar\u00e1 investigando los delitos del fuero com\u00fan y con especial seguimiento los cometidos en temas de igualdad de g\u00e9nero y menores de edad en el estado de Guerrero.<\/p>\n","protected":false},"excerpt":{"rendered":"<p>CHILPANCINGO. * 20 de julio de 2021. ) https:\/\/fiscaliaguerrero.gob.mx. La Polici\u0301a Investigadora Ministerial adscrita a Delitos Sexuales y Violencia Familiar de Tlapa de Comonfort, cumplimento\u0301 la orden de aprehensio\u0301n en contra de Hermenegildo \u00abN\u00bb, como probable responsable del delito de violacio\u0301n equiparada agravada. Por hechos acontecidos en la carpeta judicial C-217\/2021, del mes de marzo&#8230;<\/p>\n","protected":false},"author":2,"featured_media":1231211,"comment_status":"closed","ping_status":"closed","sticky":false,"template":"","format":"standard","meta":{"footnotes":""},"categories":[1969,2005],"tags":[],"class_list":["post-1231210","post","type-post","status-publish","format-standard","has-post-thumbnail","hentry","category-trending","category-seguridad-y-justicia"],"_links":{"self":[{"href":"https:\/\/www.acapulcopress.com\/index.php\/wp-json\/wp\/v2\/posts\/1231210","targetHints":{"allow":["GET"]}}],"collection":[{"href":"https:\/\/www.acapulcopress.com\/index.php\/wp-json\/wp\/v2\/posts"}],"about":[{"href":"https:\/\/www.acapulcopress.com\/index.php\/wp-json\/wp\/v2\/types\/post"}],"author":[{"embeddable":true,"href":"https:\/\/www.acapulcopress.com\/index.php\/wp-json\/wp\/v2\/users\/2"}],"replies":[{"embeddable":true,"href":"https:\/\/www.acapulcopress.com\/index.php\/wp-json\/wp\/v2\/comments?post=1231210"}],"version-history":[{"count":0,"href":"https:\/\/www.acapulcopress.com\/index.php\/wp-json\/wp\/v2\/posts\/1231210\/revisions"}],"wp:featuredmedia":[{"embeddable":true,"href":"https:\/\/www.acapulcopress.com\/index.php\/wp-json\/"}],"wp:attachment":[{"href":"https:\/\/www.acapulcopress.com\/index.php\/wp-json\/wp\/v2\/media?parent=1231210"}],"wp:term":[{"taxonomy":"category","embeddable":true,"href":"https:\/\/www.acapulcopress.com\/index.php\/wp-json\/wp\/v2\/categories?post=1231210"},{"taxonomy":"post_tag","embeddable":true,"href":"https:\/\/www.acapulcopress.com\/index.php\/wp-json\/wp\/v2\/tags?post=1231210"}],"curies":[{"name":"wp","href":"https:\/\/api.w.org\/{rel}","templated":true}]}}