{"id":1231253,"date":"2021-07-22T22:07:15","date_gmt":"2021-07-23T03:07:15","guid":{"rendered":"https:\/\/www.acapulco.press\/?p=1231253"},"modified":"2021-07-22T22:07:15","modified_gmt":"2021-07-23T03:07:15","slug":"fiscalia-guerrero-solicita-colaboracion-para-localizar-bebe-raptada-en-acapulco","status":"publish","type":"post","link":"https:\/\/www.acapulcopress.com\/index.php\/2021\/07\/22\/fiscalia-guerrero-solicita-colaboracion-para-localizar-bebe-raptada-en-acapulco\/","title":{"rendered":"Fiscal\u00eda Guerrero solicita colaboraci\u00f3n para localizar beb\u00e9 raptada en Acapulco"},"content":{"rendered":"<p>CHILPANCINGO. * 22 de julio de 2021.<br \/>\n<em>) <a href=\"https:\/\/fiscaliaguerrero.gob.mx\" target=\"_blank\" rel=\"noopener\">https:\/\/fiscaliaguerrero.gob.mx<\/a>.<\/em><\/p>\n<p style=\"text-align: justify;\">La Fiscali\u0301a General del Estado, a trav\u00e9s de la Alerta \u00c1mber Guerrero, solicita la colaboracio\u0301n de toda la ciudadani\u0301a para aportar informacio\u0301n y lograr la localizacio\u0301n de dos mujeres que sustrajeron a una bebe\u0301 de un mes de nacida, de nombre Marlen Tepeyecac, hechos ocurridos el d\u00eda jueves en la calle Diego Hurtado de Mendoza del cetro de Acapulco. De acuerdo a las c\u00e1maras de seguridad, una de las captoras portaba una blusa y playera color roja. y que de acuerdo a un video, una de ellas, se llev\u00f3 a la menor.<\/p>\n<p>,<\/p>\n","protected":false},"excerpt":{"rendered":"<p>CHILPANCINGO. * 22 de julio de 2021. ) https:\/\/fiscaliaguerrero.gob.mx. La Fiscali\u0301a General del Estado, a trav\u00e9s de la Alerta \u00c1mber Guerrero, solicita la colaboracio\u0301n de toda la ciudadani\u0301a para aportar informacio\u0301n y lograr la localizacio\u0301n de dos mujeres que sustrajeron a una bebe\u0301 de un mes de nacida, de nombre Marlen Tepeyecac, hechos ocurridos el&#8230;<\/p>\n","protected":false},"author":2,"featured_media":1231254,"comment_status":"closed","ping_status":"closed","sticky":false,"template":"","format":"standard","meta":{"footnotes":""},"categories":[1969,1972,2005],"tags":[8703,10946,14737],"class_list":["post-1231253","post","type-post","status-publish","format-standard","has-post-thumbnail","hentry","category-trending","category-special","category-seguridad-y-justicia","tag-fiscalia-general-del-estado-de-guerrero-fge","tag-jorge-zuriel-de-los-santos-barrila","tag-policia-ministerial-de-guerrero"],"_links":{"self":[{"href":"https:\/\/www.acapulcopress.com\/index.php\/wp-json\/wp\/v2\/posts\/1231253","targetHints":{"allow":["GET"]}}],"collection":[{"href":"https:\/\/www.acapulcopress.com\/index.php\/wp-json\/wp\/v2\/posts"}],"about":[{"href":"https:\/\/www.acapulcopress.com\/index.php\/wp-json\/wp\/v2\/types\/post"}],"author":[{"embeddable":true,"href":"https:\/\/www.acapulcopress.com\/index.php\/wp-json\/wp\/v2\/users\/2"}],"replies":[{"embeddable":true,"href":"https:\/\/www.acapulcopress.com\/index.php\/wp-json\/wp\/v2\/comments?post=1231253"}],"version-history":[{"count":0,"href":"https:\/\/www.acapulcopress.com\/index.php\/wp-json\/wp\/v2\/posts\/1231253\/revisions"}],"wp:featuredmedia":[{"embeddable":true,"href":"https:\/\/www.acapulcopress.com\/index.php\/wp-json\/"}],"wp:attachment":[{"href":"https:\/\/www.acapulcopress.com\/index.php\/wp-json\/wp\/v2\/media?parent=1231253"}],"wp:term":[{"taxonomy":"category","embeddable":true,"href":"https:\/\/www.acapulcopress.com\/index.php\/wp-json\/wp\/v2\/categories?post=1231253"},{"taxonomy":"post_tag","embeddable":true,"href":"https:\/\/www.acapulcopress.com\/index.php\/wp-json\/wp\/v2\/tags?post=1231253"}],"curies":[{"name":"wp","href":"https:\/\/api.w.org\/{rel}","templated":true}]}}