{"id":1231266,"date":"2021-07-23T00:01:47","date_gmt":"2021-07-23T05:01:47","guid":{"rendered":"https:\/\/www.acapulco.press\/?p=1231266"},"modified":"2021-07-23T00:01:47","modified_gmt":"2021-07-23T05:01:47","slug":"filarmonica-de-acapulco-invita-a-concierto-in-memoriam-de-armando-manzanero","status":"publish","type":"post","link":"https:\/\/www.acapulcopress.com\/index.php\/2021\/07\/23\/filarmonica-de-acapulco-invita-a-concierto-in-memoriam-de-armando-manzanero\/","title":{"rendered":"Filarm\u00f3nica de Acapulco invita a Concierto \u00abIn Memoriam\u00bb de Armando Manzanero"},"content":{"rendered":"<p style=\"text-align: justify;\">ACAPULCO. * 22 de julio de 2021.<br \/>\n<em>) Secultura.<\/em><\/p>\n<p style=\"text-align: justify;\">La Orquesta Filarm\u00f3nica de Acapulco (OFA) invita al concierto especial virtual que ofrecer\u00e1 esta noche \u00abIn Memoriam\u00bb del compositor mexicano Armando Manzanero, a las 8 de la noche, de este viernes, 23 de julio.<\/p>\n<p style=\"text-align: justify;\">Adem\u00e1s de Armando Manzanero, la Filarm\u00f3nica de Acapulco tambi\u00e9n rendir\u00e1 homenaje p\u00f3stumo a la operista mexicana Violeta D\u00e1valos; el m\u00fasico alem\u00e1n Yurik Manukyan, y a los ex integrantes de la OFA, el ex contrabajista Igor Gayday y Pedro Gallardo Valente, quien fungiera por muchos a\u00f1os como contador de la Filarm\u00f3nica dirigida por el maestro Eduardo \u00c1lvarez.<\/p>\n<p style=\"text-align: justify;\">Con obras de Puccini, Pergolesi, Wagner, Mahler y Strauss, el Octavo Concierto virtual de la Orquesta Filarm\u00f3nica de Acapulco contar\u00e1 con la presencia de las solista soprano\u00a0Joycee D\u00edaz.<\/p>\n<p style=\"text-align: justify;\">La cita es este viernes, a las 8 de la noche, a trav\u00e9s de las siguientes direcciones virtuales de la OFA:<\/p>\n<p style=\"text-align: justify;\">] Facebook: <a href=\"http:\/\/www.facebook.com\/OFAcapulco\" target=\"_blank\" rel=\"noopener\">http:\/\/www.facebook.com\/OFAcapulco<\/a><br \/>\n] YouTube: <a href=\"http:\/\/bit.ly\/2ZMpkPM\" target=\"_blank\" rel=\"noopener\">http:\/\/bit.ly\/2ZMpkPM<\/a><\/p>\n","protected":false},"excerpt":{"rendered":"<p>ACAPULCO. * 22 de julio de 2021. ) Secultura. La Orquesta Filarm\u00f3nica de Acapulco (OFA) invita al concierto especial virtual que ofrecer\u00e1 esta noche \u00abIn Memoriam\u00bb del compositor mexicano Armando Manzanero, a las 8 de la noche, de este viernes, 23 de julio. Adem\u00e1s de Armando Manzanero, la Filarm\u00f3nica de Acapulco tambi\u00e9n rendir\u00e1 homenaje p\u00f3stumo&#8230;<\/p>\n","protected":false},"author":2,"featured_media":1231267,"comment_status":"closed","ping_status":"closed","sticky":false,"template":"","format":"standard","meta":{"footnotes":""},"categories":[18563,1972,1988],"tags":[7581,10038,11145,12309,14058,14419,14488,15135,16889,18002,18288],"class_list":["post-1231266","post","type-post","status-publish","format-standard","has-post-thumbnail","hentry","category-entretenimiento","category-special","category-lifestyles","tag-eduardo-alvarez","tag-igor-gayday","tag-joycee-diaz","tag-mahler","tag-orquesta-filarmonica-de-acapulco-ofa","tag-pedro-gallardo-valente","tag-pergolesi","tag-puccini","tag-strauss","tag-wagner","tag-yurik-manukyan"],"_links":{"self":[{"href":"https:\/\/www.acapulcopress.com\/index.php\/wp-json\/wp\/v2\/posts\/1231266","targetHints":{"allow":["GET"]}}],"collection":[{"href":"https:\/\/www.acapulcopress.com\/index.php\/wp-json\/wp\/v2\/posts"}],"about":[{"href":"https:\/\/www.acapulcopress.com\/index.php\/wp-json\/wp\/v2\/types\/post"}],"author":[{"embeddable":true,"href":"https:\/\/www.acapulcopress.com\/index.php\/wp-json\/wp\/v2\/users\/2"}],"replies":[{"embeddable":true,"href":"https:\/\/www.acapulcopress.com\/index.php\/wp-json\/wp\/v2\/comments?post=1231266"}],"version-history":[{"count":0,"href":"https:\/\/www.acapulcopress.com\/index.php\/wp-json\/wp\/v2\/posts\/1231266\/revisions"}],"wp:featuredmedia":[{"embeddable":true,"href":"https:\/\/www.acapulcopress.com\/index.php\/wp-json\/"}],"wp:attachment":[{"href":"https:\/\/www.acapulcopress.com\/index.php\/wp-json\/wp\/v2\/media?parent=1231266"}],"wp:term":[{"taxonomy":"category","embeddable":true,"href":"https:\/\/www.acapulcopress.com\/index.php\/wp-json\/wp\/v2\/categories?post=1231266"},{"taxonomy":"post_tag","embeddable":true,"href":"https:\/\/www.acapulcopress.com\/index.php\/wp-json\/wp\/v2\/tags?post=1231266"}],"curies":[{"name":"wp","href":"https:\/\/api.w.org\/{rel}","templated":true}]}}