{"id":1231275,"date":"2021-07-23T00:54:24","date_gmt":"2021-07-23T05:54:24","guid":{"rendered":"https:\/\/www.acapulco.press\/?p=1231275"},"modified":"2021-07-23T00:54:24","modified_gmt":"2021-07-23T05:54:24","slug":"ayuntamiento-amplia-al-15-de-agosto-descuentos-en-predial-y-licencias-comerciales","status":"publish","type":"post","link":"https:\/\/www.acapulcopress.com\/index.php\/2021\/07\/23\/ayuntamiento-amplia-al-15-de-agosto-descuentos-en-predial-y-licencias-comerciales\/","title":{"rendered":"Ayuntamiento ampl\u00eda al 15 de agosto descuentos en predial y licencias comerciales"},"content":{"rendered":"<p style=\"text-align: justify;\">ACAPULCO. * 22 de julio de 2021.<br \/>\n) Gobierno de Acapulco.<\/p>\n<p style=\"text-align: justify;\">Durante la Octava Sesi\u00f3n Extraordinaria de Cabildo de este a\u00f1o El Cabildo de Acapulco autoriz\u00f3 la propuesta de la presidenta Adela Rom\u00e1n Ocampo de ampliar el programa de descuentos en el impuesto predial y pago de licencias en mercados\u00a0 y Zona <img loading=\"lazy\" decoding=\"async\" class=\"alignleft size-full wp-image-1231278\" src=\"https:\/\/www.acapulco.press\/wp-content\/uploads\/2021\/07\/CABILDO-2021.4.jpeg\" alt=\"\" width=\"300\" height=\"200\" \/>Federal Mar\u00edtimo Terrestre.<\/p>\n<p style=\"text-align: justify;\">En la exposici\u00f3n del tema, la alcaldesa se\u00f1al\u00f3 que con este programa de incentivo de impuestos fiscales se busca apoyar a la ciudadan\u00eda que ha sido afectada por la ca\u00edda de ingresos por la reducci\u00f3n de horarios y, en otros casos, la suspensi\u00f3n de actividades productivas por la pandemia del Covid19.<\/p>\n<p style=\"text-align: justify;\">Los descuentos anunciados se ampliar\u00e1n hasta el 15 de agosto y consisten en 10 por ciento en pago del predial y el 100 por ciento en multas y recargos por adeudos de a\u00f1os anteriores, as\u00ed como licencias de funcionamiento de locales comerciales, cambio de propietarios en mercados municipales y negocios en la Zona Federal Mar\u00edtimo-Terrestre.<\/p>\n<p style=\"text-align: justify;\">Los ediles tambi\u00e9n aprobaron que la alcaldesa encabece las gestiones correspondientes ante el gobierno federal para recuperar el espacio denominado Jard\u00edn del Puerto, ubicado a un costado de la Terminal Mar\u00edtima, y que la concesi\u00f3n le sea otorgada al Gobierno de Acapulco para beneficio de los acapulque\u00f1os.<\/p>\n<p><img loading=\"lazy\" decoding=\"async\" class=\"alignnone wp-image-1231277\" src=\"https:\/\/www.acapulco.press\/wp-content\/uploads\/2021\/07\/CABILDO-2021.3.jpeg\" alt=\"\" width=\"840\" height=\"560\" \/><\/p>\n","protected":false},"excerpt":{"rendered":"<p>ACAPULCO. * 22 de julio de 2021. ) Gobierno de Acapulco. Durante la Octava Sesi\u00f3n Extraordinaria de Cabildo de este a\u00f1o El Cabildo de Acapulco autoriz\u00f3 la propuesta de la presidenta Adela Rom\u00e1n Ocampo de ampliar el programa de descuentos en el impuesto predial y pago de licencias en mercados\u00a0 y Zona Federal Mar\u00edtimo Terrestre&#8230;.<\/p>\n","protected":false},"author":2,"featured_media":1231279,"comment_status":"closed","ping_status":"closed","sticky":false,"template":"","format":"standard","meta":{"footnotes":""},"categories":[1972,1981,18561],"tags":[3257,4950],"class_list":["post-1231275","post","type-post","status-publish","format-standard","has-post-thumbnail","hentry","category-special","category-acapulco","category-society-politics","tag-adela-roman-ocampo","tag-cabildo-de-acapulco"],"_links":{"self":[{"href":"https:\/\/www.acapulcopress.com\/index.php\/wp-json\/wp\/v2\/posts\/1231275","targetHints":{"allow":["GET"]}}],"collection":[{"href":"https:\/\/www.acapulcopress.com\/index.php\/wp-json\/wp\/v2\/posts"}],"about":[{"href":"https:\/\/www.acapulcopress.com\/index.php\/wp-json\/wp\/v2\/types\/post"}],"author":[{"embeddable":true,"href":"https:\/\/www.acapulcopress.com\/index.php\/wp-json\/wp\/v2\/users\/2"}],"replies":[{"embeddable":true,"href":"https:\/\/www.acapulcopress.com\/index.php\/wp-json\/wp\/v2\/comments?post=1231275"}],"version-history":[{"count":0,"href":"https:\/\/www.acapulcopress.com\/index.php\/wp-json\/wp\/v2\/posts\/1231275\/revisions"}],"wp:featuredmedia":[{"embeddable":true,"href":"https:\/\/www.acapulcopress.com\/index.php\/wp-json\/"}],"wp:attachment":[{"href":"https:\/\/www.acapulcopress.com\/index.php\/wp-json\/wp\/v2\/media?parent=1231275"}],"wp:term":[{"taxonomy":"category","embeddable":true,"href":"https:\/\/www.acapulcopress.com\/index.php\/wp-json\/wp\/v2\/categories?post=1231275"},{"taxonomy":"post_tag","embeddable":true,"href":"https:\/\/www.acapulcopress.com\/index.php\/wp-json\/wp\/v2\/tags?post=1231275"}],"curies":[{"name":"wp","href":"https:\/\/api.w.org\/{rel}","templated":true}]}}