{"id":1231295,"date":"2021-07-25T18:51:17","date_gmt":"2021-07-25T23:51:17","guid":{"rendered":"https:\/\/www.acapulco.press\/?p=1231295"},"modified":"2021-07-25T18:51:17","modified_gmt":"2021-07-25T23:51:17","slug":"fge-recupera-bebe-raptada-en-acapulco","status":"publish","type":"post","link":"https:\/\/www.acapulcopress.com\/index.php\/2021\/07\/25\/fge-recupera-bebe-raptada-en-acapulco\/","title":{"rendered":"FGE recupera beb\u00e9 raptada en Acapulco"},"content":{"rendered":"<p style=\"text-align: justify;\"><strong>\u00c1ngel Blanco<\/strong><br \/>\nCHILPANCINGO. * 23 de julio de 2021.<br \/>\n<em>) <a href=\"https:\/\/fiscaliaguerrero.gob.mx\" target=\"_blank\" rel=\"noopener\">https:\/\/fiscaliaguerrero.gob.mx<\/a>.<\/em><\/p>\n<p style=\"text-align: justify;\">Mediante operativo por agentes de la Polic\u00eda Investigadora Ministerial de Acapulco, capturaron en flagrante delito a Norma \u00abN\u00bb, detenida como probable responsable del delito de sustracci\u00f3n de menores en agravio de reci\u00e9n nacida, hechos el 14 de julio en calle Diego Hurtado de Mendoza, de la colonia Progreso.<\/p>\n<p style=\"text-align: justify;\">Esto en respuesta a la denuncia presentada ante la Fiscal\u00eda Especializada en materia de desaparici\u00f3n forzada y b\u00fasqueda de personas desaparecidas, la cual inici\u00f3 de inmediato la investigaci\u00f3n, activando la <em>Alerta Amber<\/em> para su b\u00fasqueda y localizaci\u00f3n.<\/p>\n<p style=\"text-align: justify;\">Este domingo, la beb\u00e9 recibi\u00f3 atenci\u00f3n m\u00e9dica y se encuentra en buen estado de salud con su madre; Norma \u00abN\u00bb queda detenida y puesta a disposici\u00f3n del Ministerio P\u00fablico, quien dentro del t\u00e9rmino legal definir\u00e1 la situaci\u00f3n jur\u00eddica.<\/p>\n<p style=\"text-align: justify;\">La Fiscal\u00eda General del Estado continuar\u00e1 dando seguimiento a las denuncias presentadas por desaparici\u00f3n, para su pronta localizaci\u00f3n.<\/p>\n","protected":false},"excerpt":{"rendered":"<p>\u00c1ngel Blanco CHILPANCINGO. * 23 de julio de 2021. ) https:\/\/fiscaliaguerrero.gob.mx. Mediante operativo por agentes de la Polic\u00eda Investigadora Ministerial de Acapulco, capturaron en flagrante delito a Norma \u00abN\u00bb, detenida como probable responsable del delito de sustracci\u00f3n de menores en agravio de reci\u00e9n nacida, hechos el 14 de julio en calle Diego Hurtado de Mendoza,&#8230;<\/p>\n","protected":false},"author":2,"featured_media":1231296,"comment_status":"closed","ping_status":"closed","sticky":false,"template":"","format":"standard","meta":{"footnotes":""},"categories":[1997],"tags":[3579,8703,10946,14737],"class_list":["post-1231295","post","type-post","status-publish","format-standard","has-post-thumbnail","hentry","category-noticias-destacadas","tag-alerta-amber","tag-fiscalia-general-del-estado-de-guerrero-fge","tag-jorge-zuriel-de-los-santos-barrila","tag-policia-ministerial-de-guerrero"],"_links":{"self":[{"href":"https:\/\/www.acapulcopress.com\/index.php\/wp-json\/wp\/v2\/posts\/1231295","targetHints":{"allow":["GET"]}}],"collection":[{"href":"https:\/\/www.acapulcopress.com\/index.php\/wp-json\/wp\/v2\/posts"}],"about":[{"href":"https:\/\/www.acapulcopress.com\/index.php\/wp-json\/wp\/v2\/types\/post"}],"author":[{"embeddable":true,"href":"https:\/\/www.acapulcopress.com\/index.php\/wp-json\/wp\/v2\/users\/2"}],"replies":[{"embeddable":true,"href":"https:\/\/www.acapulcopress.com\/index.php\/wp-json\/wp\/v2\/comments?post=1231295"}],"version-history":[{"count":0,"href":"https:\/\/www.acapulcopress.com\/index.php\/wp-json\/wp\/v2\/posts\/1231295\/revisions"}],"wp:featuredmedia":[{"embeddable":true,"href":"https:\/\/www.acapulcopress.com\/index.php\/wp-json\/"}],"wp:attachment":[{"href":"https:\/\/www.acapulcopress.com\/index.php\/wp-json\/wp\/v2\/media?parent=1231295"}],"wp:term":[{"taxonomy":"category","embeddable":true,"href":"https:\/\/www.acapulcopress.com\/index.php\/wp-json\/wp\/v2\/categories?post=1231295"},{"taxonomy":"post_tag","embeddable":true,"href":"https:\/\/www.acapulcopress.com\/index.php\/wp-json\/wp\/v2\/tags?post=1231295"}],"curies":[{"name":"wp","href":"https:\/\/api.w.org\/{rel}","templated":true}]}}