{"id":1231303,"date":"2021-07-26T21:42:46","date_gmt":"2021-07-27T02:42:46","guid":{"rendered":"https:\/\/www.acapulco.press\/?p=1231303"},"modified":"2021-07-26T21:42:46","modified_gmt":"2021-07-27T02:42:46","slug":"ejecutan-a-3-en-plena-costera","status":"publish","type":"post","link":"https:\/\/www.acapulcopress.com\/index.php\/2021\/07\/26\/ejecutan-a-3-en-plena-costera\/","title":{"rendered":"Ejecutan a 3 en plena costera"},"content":{"rendered":"<p style=\"text-align: justify;\">CHILPANCINGO. * 26 de julio de 2021.<br \/>\n<em>) <a href=\"https:\/\/fiscaliaguerrero.gob.mx\" target=\"_blank\" rel=\"noopener\">https:\/\/fiscaliaguerrero.gob.mx<\/a>.<\/em><\/p>\n<p style=\"text-align: justify;\">La tarde de este lunes se registr\u00f3 una agresi\u00f3n por arma de fuego a tres tripulantes de un veh\u00edculo en costera Miguel Alem\u00e1n, a la <img loading=\"lazy\" decoding=\"async\" class=\"alignleft size-medium wp-image-1231306\" src=\"https:\/\/www.acapulco.press\/wp-content\/uploads\/2021\/07\/EJECUTADOS-COSTERA3-375x211.jpg\" alt=\"\" width=\"375\" height=\"211\" \/>altura del fraccionamiento Condesa, resultando dos personas fallecidas y un lesionado.<\/p>\n<p style=\"text-align: justify;\">Al lugar lleg\u00f3 el fiscal general del Estado, Jorge Zuriel de los Santos Barrila, para inspeccionar la zona e iniciar la carpeta de investigaci\u00f3n por el delito de homicidio y lesiones.<\/p>\n<p style=\"text-align: justify;\">Los hechos se suscitaron aproximadamente a las 14:39 horas donde se reporta a trav\u00e9s de C5 que personas armadas hab\u00edan agredido con disparos de arma de fuego a tripulantes que circulaban en un veh\u00edculo <em>Stratus,<\/em> color blanco.<\/p>\n<p style=\"text-align: justify;\">En la zona, polic\u00edas ministeriales, personal de la direcci\u00f3n general de Servicios Periciales iniciaron las primeras diligencias; as\u00ed tambi\u00e9n se aperson\u00f3 la Polic\u00eda Tur\u00edstica y param\u00e9dicos de la Cruz Roja para brindar atenci\u00f3n m\u00e9dica.<\/p>\n<p><img loading=\"lazy\" decoding=\"async\" class=\"alignnone wp-image-1231304 size-large\" src=\"https:\/\/www.acapulco.press\/wp-content\/uploads\/2021\/07\/EJECUTADOS-COSTERA-840x473.jpg\" alt=\"\" width=\"840\" height=\"473\" \/><\/p>\n","protected":false},"excerpt":{"rendered":"<p>CHILPANCINGO. * 26 de julio de 2021. ) https:\/\/fiscaliaguerrero.gob.mx. La tarde de este lunes se registr\u00f3 una agresi\u00f3n por arma de fuego a tres tripulantes de un veh\u00edculo en costera Miguel Alem\u00e1n, a la altura del fraccionamiento Condesa, resultando dos personas fallecidas y un lesionado. Al lugar lleg\u00f3 el fiscal general del Estado, Jorge Zuriel&#8230;<\/p>\n","protected":false},"author":2,"featured_media":1231305,"comment_status":"closed","ping_status":"closed","sticky":false,"template":"","format":"standard","meta":{"footnotes":""},"categories":[1969,1972,1997],"tags":[8703,10946,14737],"class_list":["post-1231303","post","type-post","status-publish","format-standard","has-post-thumbnail","hentry","category-trending","category-special","category-noticias-destacadas","tag-fiscalia-general-del-estado-de-guerrero-fge","tag-jorge-zuriel-de-los-santos-barrila","tag-policia-ministerial-de-guerrero"],"_links":{"self":[{"href":"https:\/\/www.acapulcopress.com\/index.php\/wp-json\/wp\/v2\/posts\/1231303","targetHints":{"allow":["GET"]}}],"collection":[{"href":"https:\/\/www.acapulcopress.com\/index.php\/wp-json\/wp\/v2\/posts"}],"about":[{"href":"https:\/\/www.acapulcopress.com\/index.php\/wp-json\/wp\/v2\/types\/post"}],"author":[{"embeddable":true,"href":"https:\/\/www.acapulcopress.com\/index.php\/wp-json\/wp\/v2\/users\/2"}],"replies":[{"embeddable":true,"href":"https:\/\/www.acapulcopress.com\/index.php\/wp-json\/wp\/v2\/comments?post=1231303"}],"version-history":[{"count":0,"href":"https:\/\/www.acapulcopress.com\/index.php\/wp-json\/wp\/v2\/posts\/1231303\/revisions"}],"wp:featuredmedia":[{"embeddable":true,"href":"https:\/\/www.acapulcopress.com\/index.php\/wp-json\/"}],"wp:attachment":[{"href":"https:\/\/www.acapulcopress.com\/index.php\/wp-json\/wp\/v2\/media?parent=1231303"}],"wp:term":[{"taxonomy":"category","embeddable":true,"href":"https:\/\/www.acapulcopress.com\/index.php\/wp-json\/wp\/v2\/categories?post=1231303"},{"taxonomy":"post_tag","embeddable":true,"href":"https:\/\/www.acapulcopress.com\/index.php\/wp-json\/wp\/v2\/tags?post=1231303"}],"curies":[{"name":"wp","href":"https:\/\/api.w.org\/{rel}","templated":true}]}}