{"id":1231313,"date":"2021-07-26T22:25:39","date_gmt":"2021-07-27T03:25:39","guid":{"rendered":"https:\/\/www.acapulco.press\/?p=1231313"},"modified":"2021-07-26T22:25:39","modified_gmt":"2021-07-27T03:25:39","slug":"guerrero-del-orden-y-paz-a-la-reconciliacion-y-orden","status":"publish","type":"post","link":"https:\/\/www.acapulcopress.com\/index.php\/2021\/07\/26\/guerrero-del-orden-y-paz-a-la-reconciliacion-y-orden\/","title":{"rendered":"Guerrero | Del &#8216;Orden y Paz&#8217; a la &#8216;Reconciliaci\u00f3n y Orden&#8217;"},"content":{"rendered":"<p style=\"text-align: justify;\">Tercera V\u00eda<br \/>\n] <strong>Ernesto Rivera Rodr\u00edguez<\/strong><\/p>\n<p style=\"text-align: justify;\">La gobernadora electa de Guerrero, Evelyn Salgado Pineda, a marcado en la arena la raya del \u00abun antes y despu\u00e9s\u00bb, como aquello de A.C. y D.C. seguro de su futuro gobierno que hasta hoy no deja de ser de posicionamientos ideol\u00f3gicos, (en la arena pues), fraseolog\u00eda permanente, ret\u00f3rica sacada de la manga de su chaleco&#8230;terminar con la pol\u00edtica rancia, no mentirle al pueblo, hacer equipo con la gente, nada ser\u00e1 igual, acabaremos con las OPD, bla, bla.<\/p>\n<p style=\"text-align: justify;\">Hasta hoy Evelyn camina con las \u00abmuletas de su pap\u00e1\u00bb y no parece que tomado el poder vaya a ser diferente, F\u00e9lix est\u00e1 mostrando una actitud y determinaci\u00f3n de dureza respecto a quien ser\u00e1 el hombre fuerte de Guerrero y qui\u00e9n tomar\u00e1 las decisiones, los guerrerenses No ven c\u00f3mo ella y perciben que la gobernadora no podr\u00e1, y m\u00e1s bien no querr\u00e1 cambiar esa relaci\u00f3n. Con lo que su frase de \u00abReconciliaci\u00f3n y Orden\u00bb ser\u00e1 tirada al basurero de lo innecesario, de lo imposible, cuando el hombre fuerte act\u00fae desde Casa Guerrero, o desde donde vaya a gobernar.<\/p>\n<p style=\"text-align: justify;\">El presidente de la Rep\u00fablica, Andr\u00e9s Manuel L\u00f3pez Obrador permiti\u00f3 que F\u00e9lix continuara con su juego, con el apoyo irrestricto de Mario Delgado, y proponer a su \u00absuplente&#8230;a alguien que no lo fuera a traicionar\u00bb, y con su propia marca \u00abObrador\u00bb llevarlos al poder en Guerrero. No importa que no controle el Partido, a\u00fan con el bur\u00f3crata de Marcial Rodr\u00edguez Salda\u00f1a como t\u00edtere al mando del mismo&#8230;F\u00e9lix debe controlar el estado y todo lo que suceda en el o a su paso.<\/p>\n<p style=\"text-align: justify;\">El \u00abantes y despu\u00e9s\u00bb marcado por Evelyn como su constructo de \u00abReconciliaci\u00f3n y Orden\u00bb es a todas luces un planteamiento obtenido de las mangas de su chaleco, en tiempo de pandemia, una pandemia el Sars 2-Covid-19, que ya le lleva m\u00e1s de un a\u00f1o y medio de ventaja instalado en Guerrero, con decenas de miles de contagiados y miles y miles de muertos, una econom\u00eda derrumbada a punto de colapsarse, con la principal actividad econ\u00f3mica, el turismo colapsado con sus playas, centros y antros de diversi\u00f3n cerradas y\/o contenidos y que hasta hoy no ha merecido una l\u00ednea de como por lo menos entender c\u00f3mo le ha hecho este gobierno que ella llama \u00abel antes caciquil\u00bb para contenerlo y sin entender lo que suma para su gobierno como \u00abel despu\u00e9s reconciliado\u00bb.<\/p>\n<p style=\"text-align: justify;\">Lo cu\u00e1l es sin lugar a dudas una QUIMERA, algo que deber\u00eda poner en pr\u00e1ctica primero en el partido que la llevo al poder, \u00abahiga sido como ahiga sido\u00bb que lejos muy lejos est\u00e1 de ser una marca pol\u00edtica y no pasa de ser un Movimiento pol\u00edtico, un galimat\u00edas va\u00fan en ciernes, que le sirva y funcione como superestructura de su futuro gobierno, pero por lo que se percibe ser\u00e1 desde un inicio con personajes emanados del multicolorida plataforma pol\u00edtica local y for\u00e1nea cuando no a ciegas sin un bast\u00f3n que le ayude a caminar&#8230; mucho antes que logr\u00e9 ver la luz al final del t\u00fanel de su luna de miel como gobernadora&#8230; conociendo que el \u00aboficial mayor\u00bb solo le va a ense\u00f1ar el camino que a \u00e9l le convenga.<\/p>\n<p style=\"text-align: justify;\">Dos.. Cu\u00e1nto cuestan los doctorados en la Universidad de la Plaza Santo Domingo&#8230;escuch\u00e9 en alguna mesa de caf\u00e9.<\/p>\n","protected":false},"excerpt":{"rendered":"<p>Tercera V\u00eda ] Ernesto Rivera Rodr\u00edguez La gobernadora electa de Guerrero, Evelyn Salgado Pineda, a marcado en la arena la raya del \u00abun antes y despu\u00e9s\u00bb, como aquello de A.C. y D.C. seguro de su futuro gobierno que hasta hoy no deja de ser de posicionamientos ideol\u00f3gicos, (en la arena pues), fraseolog\u00eda permanente, ret\u00f3rica sacada&#8230;<\/p>\n","protected":false},"author":2,"featured_media":1231314,"comment_status":"closed","ping_status":"closed","sticky":false,"template":"","format":"standard","meta":{"footnotes":""},"categories":[2071,1991],"tags":[3896,8251,8467,9705,12457,17072],"class_list":["post-1231313","post","type-post","status-publish","format-standard","has-post-thumbnail","hentry","category-opinion-analisis-columnas","category-libertad-de-expresion","tag-andres-manuel-lopez-obrador","tag-evelyn-salgado-pineda","tag-felix-salgado-macedonio","tag-hector-astudillo-flores","tag-marcial-rodriguez-saldana","tag-tercera-via-ernesto-rivera-rodriguez"],"_links":{"self":[{"href":"https:\/\/www.acapulcopress.com\/index.php\/wp-json\/wp\/v2\/posts\/1231313","targetHints":{"allow":["GET"]}}],"collection":[{"href":"https:\/\/www.acapulcopress.com\/index.php\/wp-json\/wp\/v2\/posts"}],"about":[{"href":"https:\/\/www.acapulcopress.com\/index.php\/wp-json\/wp\/v2\/types\/post"}],"author":[{"embeddable":true,"href":"https:\/\/www.acapulcopress.com\/index.php\/wp-json\/wp\/v2\/users\/2"}],"replies":[{"embeddable":true,"href":"https:\/\/www.acapulcopress.com\/index.php\/wp-json\/wp\/v2\/comments?post=1231313"}],"version-history":[{"count":0,"href":"https:\/\/www.acapulcopress.com\/index.php\/wp-json\/wp\/v2\/posts\/1231313\/revisions"}],"wp:featuredmedia":[{"embeddable":true,"href":"https:\/\/www.acapulcopress.com\/index.php\/wp-json\/"}],"wp:attachment":[{"href":"https:\/\/www.acapulcopress.com\/index.php\/wp-json\/wp\/v2\/media?parent=1231313"}],"wp:term":[{"taxonomy":"category","embeddable":true,"href":"https:\/\/www.acapulcopress.com\/index.php\/wp-json\/wp\/v2\/categories?post=1231313"},{"taxonomy":"post_tag","embeddable":true,"href":"https:\/\/www.acapulcopress.com\/index.php\/wp-json\/wp\/v2\/tags?post=1231313"}],"curies":[{"name":"wp","href":"https:\/\/api.w.org\/{rel}","templated":true}]}}