{"id":1231319,"date":"2021-07-25T23:15:03","date_gmt":"2021-07-26T04:15:03","guid":{"rendered":"https:\/\/www.acapulco.press\/?p=1231319"},"modified":"2021-07-25T23:15:03","modified_gmt":"2021-07-26T04:15:03","slug":"ahora-pri-y-prd-impugnan-a-evelyn-salgado-ante-el-tepjf","status":"publish","type":"post","link":"https:\/\/www.acapulcopress.com\/index.php\/2021\/07\/25\/ahora-pri-y-prd-impugnan-a-evelyn-salgado-ante-el-tepjf\/","title":{"rendered":"Ahora PRI y PRD impugnan a Evelyn Salgado ante el TEPJF"},"content":{"rendered":"<p style=\"text-align: justify;\">CHILPANCINGO. * 25 de julio de 2021.<br \/>\n<em>) <a href=\"https:\/\/latinus.us\/2021\/07\/26\/pri-prd-guerrero-impugnan-triunfo-evelyn-salgado-tepjf\/\" target=\"_blank\" rel=\"noopener\">Latinus<\/a>.<\/em><\/p>\n<p style=\"text-align: justify;\">El excandidato de la coalici\u00f3n PRI\/PRD a la gubernatura de Guerrero, Mario Moreno Arcos, impugn\u00f3 por segunda ocasi\u00f3n el resultado de las elecciones del 6 de junio, que favoreci\u00f3 a la ahora gobernadora electa Evelyn Salgado Pineda, para que el Tribunal Electoral del Poder Judicial de la Federaci\u00f3n (TEPJF) sea la instancia que determine la legalidad de los comicios.<\/p>\n<p style=\"text-align: justify;\">Mario Moreno present\u00f3 la primera impugnaci\u00f3n ante el Tribunal Electoral de Guerrero, a trav\u00e9s de los representantes del PRI, Manuel Alberto Saavedra Ch\u00e1vez, y del PRD, Daniel Meza Loeza, ante el Instituto Electoral y de Participaci\u00f3n Ciudadana (IEPC), el 17 de junio pasado.<\/p>\n<p style=\"text-align: justify;\">En el juicio de inconformidad se argument\u00f3 que el presidente de M\u00e9xico, Andr\u00e9s Manuel L\u00f3pez Obrador, influy\u00f3 en la decisi\u00f3n de los votantes al abordar la elecci\u00f3n en Guerrero durante sus conferencias de prensa matutinas, violando la veda electoral. Se se\u00f1al\u00f3 tambi\u00e9n que se usaron programas de asistencia social para condicionar a la poblaci\u00f3n, adem\u00e1s de cuestionar la elegibilidad de Evelyn Salgado.<\/p>\n<p style=\"text-align: justify;\">Sin embargo, el 20 de julio pasado, el Tribunal Electoral de Guerrero desech\u00f3 las acusaciones y valid\u00f3 a Evelyn Salgado como la gobernadora electa. Tras el fallo, Mario Moreno anunci\u00f3 que se analizar\u00eda la sentencia y valorar\u00eda la posibilidad de recurrir a la siguiente instancia: el TEPJF.<\/p>\n<p style=\"text-align: justify;\">Ese mismo d\u00eda, el gobernador del estado, H\u00e9ctor Astudillo Flores, reconoci\u00f3 a Evelyn Salgado como la ganadora de las elecciones, y se reuni\u00f3 con ella para iniciar los preparativos correspondientes para la entrega-recepci\u00f3n de la administraci\u00f3n del Ejecutivo Estatal.<\/p>\n<p style=\"text-align: justify;\">Por su parte, en entrevista con Latinus, Moreno Arcos opin\u00f3 sobre la postura de H\u00e9ctor Astudillo que \u201ces congruente, \u00e9l ha sido prudente, ha sido respetuoso de los tiempos que marca el mismo proceso electoral, al final de cuentas ya hoy un \u00f3rgano superior en el estado dictamina as\u00ed, obviamente que se puede todav\u00eda acudir a otras instancias, pero creo que \u00e9l est\u00e1 en su derecho y adem\u00e1s creo que est\u00e1 bien que lo haga, yo lo celebro\u201d.<\/p>\n<p style=\"text-align: justify;\">El plazo para impugnar la resoluci\u00f3n del Tribunal Electoral de Guerrero venci\u00f3 este domingo y se confirm\u00f3 que Mario Moreno y las dirigencias estatales del PRI y el PRD presentaron un nuevo recurso que ser\u00e1 remitido por las autoridades locales al TEPJF; no obstante, se conservaron todos los argumentos iniciales, incluidas las acusaciones en contra del presidente L\u00f3pez Obrador.<\/p>\n","protected":false},"excerpt":{"rendered":"<p>CHILPANCINGO. * 25 de julio de 2021. ) Latinus. El excandidato de la coalici\u00f3n PRI\/PRD a la gubernatura de Guerrero, Mario Moreno Arcos, impugn\u00f3 por segunda ocasi\u00f3n el resultado de las elecciones del 6 de junio, que favoreci\u00f3 a la ahora gobernadora electa Evelyn Salgado Pineda, para que el Tribunal Electoral del Poder Judicial de&#8230;<\/p>\n","protected":false},"author":2,"featured_media":1231321,"comment_status":"closed","ping_status":"closed","sticky":false,"template":"","format":"standard","meta":{"footnotes":""},"categories":[2052,1972,18561],"tags":[3896,10254,12685,17391],"class_list":["post-1231319","post","type-post","status-publish","format-standard","has-post-thumbnail","hentry","category-elecciones","category-special","category-society-politics","tag-andres-manuel-lopez-obrador","tag-instituto-electoral-y-de-participacion-ciudadana-de-guerrero-iepc","tag-mario-moreno-arcos","tag-tribunal-electoral-del-poder-judicial-de-la-federacion-tepjf"],"_links":{"self":[{"href":"https:\/\/www.acapulcopress.com\/index.php\/wp-json\/wp\/v2\/posts\/1231319","targetHints":{"allow":["GET"]}}],"collection":[{"href":"https:\/\/www.acapulcopress.com\/index.php\/wp-json\/wp\/v2\/posts"}],"about":[{"href":"https:\/\/www.acapulcopress.com\/index.php\/wp-json\/wp\/v2\/types\/post"}],"author":[{"embeddable":true,"href":"https:\/\/www.acapulcopress.com\/index.php\/wp-json\/wp\/v2\/users\/2"}],"replies":[{"embeddable":true,"href":"https:\/\/www.acapulcopress.com\/index.php\/wp-json\/wp\/v2\/comments?post=1231319"}],"version-history":[{"count":0,"href":"https:\/\/www.acapulcopress.com\/index.php\/wp-json\/wp\/v2\/posts\/1231319\/revisions"}],"wp:featuredmedia":[{"embeddable":true,"href":"https:\/\/www.acapulcopress.com\/index.php\/wp-json\/"}],"wp:attachment":[{"href":"https:\/\/www.acapulcopress.com\/index.php\/wp-json\/wp\/v2\/media?parent=1231319"}],"wp:term":[{"taxonomy":"category","embeddable":true,"href":"https:\/\/www.acapulcopress.com\/index.php\/wp-json\/wp\/v2\/categories?post=1231319"},{"taxonomy":"post_tag","embeddable":true,"href":"https:\/\/www.acapulcopress.com\/index.php\/wp-json\/wp\/v2\/tags?post=1231319"}],"curies":[{"name":"wp","href":"https:\/\/api.w.org\/{rel}","templated":true}]}}