{"id":1231344,"date":"2021-07-27T22:32:11","date_gmt":"2021-07-28T03:32:11","guid":{"rendered":"https:\/\/www.acapulco.press\/?p=1231344"},"modified":"2021-07-27T22:32:11","modified_gmt":"2021-07-28T03:32:11","slug":"magistrado-anti-4t-del-tepjf-llevara-impugnacion-de-gubernatura-de-guerrero","status":"publish","type":"post","link":"https:\/\/www.acapulcopress.com\/index.php\/2021\/07\/27\/magistrado-anti-4t-del-tepjf-llevara-impugnacion-de-gubernatura-de-guerrero\/","title":{"rendered":"Magistrado &#8216;anti 4T&#8217; del TEPJF llevar\u00e1 impugnaci\u00f3n de Gubernatura de Guerrero"},"content":{"rendered":"<p style=\"text-align: justify;\">CIUDAD DE M\u00c9XICO. * 27 de julio de 2021.<br \/>\n<em>) TEPJF \/ Redacci\u00f3n.<\/em><\/p>\n<p style=\"text-align: justify;\">El magistrado presidente de la Sala Superior del Tribunal Electoral del Poder Judicial de la Federaci\u00f3n (TEPJF), Jos\u00e9 Luis Vargas Valdez, encabez\u00f3 hoy la sesi\u00f3n privada del pleno para turnar -por el m\u00e9todo aleatorio de insaculaci\u00f3n- la impugnaci\u00f3n de la gubernatura de Guerrero, la cual fue asignada al magistrado Reyes Rodr\u00edguez Mondrag\u00f3n.<\/p>\n<p style=\"text-align: justify;\">En la sesi\u00f3n realizada en el sal\u00f3n de plenos, el secretario General de Acuerdos, Carlos Vargas, coloc\u00f3 en una urna seis tarjetas en blanco y una con el nombre de la gubernatura impugnada.<\/p>\n<p style=\"text-align: justify;\">Uno a uno los representantes de las y los magistrados acudieron al centro del sal\u00f3n para sacar de la urna una papeleta. Bajo esa din\u00e1mica, el papel con el nombre de la gubernatura de Guerrero se asign\u00f3 al magistrado Reyes Rodr\u00edguez Mondrag\u00f3n.<\/p>\n<p style=\"text-align: justify;\">La Sala Superior aprob\u00f3 el pasado 14 de julio, por unanimidad, el acuerdo general 1\/2021 por el que se emitieron los lineamientos aplicables para el turno de los medios de impugnaci\u00f3n relacionados con el resultado final y la validez de las elecciones de gubernaturas, de los procesos electorales 2020-2021.<\/p>\n<p style=\"text-align: justify;\">Con este mecanismo, que sustituye para el caso de las gubernaturas al m\u00e9todo alfab\u00e9tico, se logra una distribuci\u00f3n transparente, para lograr una mayor imparcialidad en cuanto a su turno.<\/p>\n<p style=\"text-align: justify;\">Con el turno a la ponencia del magistrado Reyes Rodr\u00edguez Mondrag\u00f3n, todas las demandas posteriores relacionadas con la misma elecci\u00f3n se enviar\u00e1n a esa misma magistratura, incluidas aquellas relacionadas con procedimientos de fiscalizaci\u00f3n, cuestiones incidentales, as\u00ed como cualquier otro asunto que pudiera incidir de manera directa en la nulidad de la elecci\u00f3n, y se vincular\u00e1n para efecto del turno correspondiente.<\/p>\n<p>El argumento central de la impugnaci\u00f3n del PRI y PRT, partidos que impulsaron la candidatura del pri\u00edsta Mario Moreno Arcos, es la intervenci\u00f3n del presidente de M\u00e9xico, Andr\u00e9s Manuel L\u00f3pez Obrador a favor de la entonces candidata de Morena, Salgado Pineda a quien adem\u00e1s se\u00f1alaron de \u201cinelegible\u201d por no haber participado en el proceso interno de su partido.<\/p>\n","protected":false},"excerpt":{"rendered":"<p>CIUDAD DE M\u00c9XICO. * 27 de julio de 2021. ) TEPJF \/ Redacci\u00f3n. El magistrado presidente de la Sala Superior del Tribunal Electoral del Poder Judicial de la Federaci\u00f3n (TEPJF), Jos\u00e9 Luis Vargas Valdez, encabez\u00f3 hoy la sesi\u00f3n privada del pleno para turnar -por el m\u00e9todo aleatorio de insaculaci\u00f3n- la impugnaci\u00f3n de la gubernatura de&#8230;<\/p>\n","protected":false},"author":2,"featured_media":1231345,"comment_status":"closed","ping_status":"closed","sticky":false,"template":"","format":"standard","meta":{"footnotes":""},"categories":[1972],"tags":[11076,15552,17391],"class_list":["post-1231344","post","type-post","status-publish","format-standard","has-post-thumbnail","hentry","category-special","tag-jose-luis-vargas-valdez","tag-reyes-rodriguez-mondragon","tag-tribunal-electoral-del-poder-judicial-de-la-federacion-tepjf"],"_links":{"self":[{"href":"https:\/\/www.acapulcopress.com\/index.php\/wp-json\/wp\/v2\/posts\/1231344","targetHints":{"allow":["GET"]}}],"collection":[{"href":"https:\/\/www.acapulcopress.com\/index.php\/wp-json\/wp\/v2\/posts"}],"about":[{"href":"https:\/\/www.acapulcopress.com\/index.php\/wp-json\/wp\/v2\/types\/post"}],"author":[{"embeddable":true,"href":"https:\/\/www.acapulcopress.com\/index.php\/wp-json\/wp\/v2\/users\/2"}],"replies":[{"embeddable":true,"href":"https:\/\/www.acapulcopress.com\/index.php\/wp-json\/wp\/v2\/comments?post=1231344"}],"version-history":[{"count":0,"href":"https:\/\/www.acapulcopress.com\/index.php\/wp-json\/wp\/v2\/posts\/1231344\/revisions"}],"wp:featuredmedia":[{"embeddable":true,"href":"https:\/\/www.acapulcopress.com\/index.php\/wp-json\/"}],"wp:attachment":[{"href":"https:\/\/www.acapulcopress.com\/index.php\/wp-json\/wp\/v2\/media?parent=1231344"}],"wp:term":[{"taxonomy":"category","embeddable":true,"href":"https:\/\/www.acapulcopress.com\/index.php\/wp-json\/wp\/v2\/categories?post=1231344"},{"taxonomy":"post_tag","embeddable":true,"href":"https:\/\/www.acapulcopress.com\/index.php\/wp-json\/wp\/v2\/tags?post=1231344"}],"curies":[{"name":"wp","href":"https:\/\/api.w.org\/{rel}","templated":true}]}}