{"id":1231357,"date":"2021-07-28T19:37:28","date_gmt":"2021-07-29T00:37:28","guid":{"rendered":"https:\/\/www.acapulco.press\/?p=1231357"},"modified":"2021-07-28T19:37:28","modified_gmt":"2021-07-29T00:37:28","slug":"detienen-en-aeropuerto-a-axel-implicado-en-violacion-de-ainara","status":"publish","type":"post","link":"https:\/\/www.acapulcopress.com\/index.php\/2021\/07\/28\/detienen-en-aeropuerto-a-axel-implicado-en-violacion-de-ainara\/","title":{"rendered":"Detienen en aeropuerto a Axel, implicado en violaci\u00f3n de #Ainara"},"content":{"rendered":"<p style=\"text-align: justify;\">CIUDAD DE M\u00c9XICO. * 28 de julio de 2021.<br \/>\n<em>) <a href=\"https:\/\/latinus.us\/2021\/07\/28\/detienen-aicm-axel-implicados-violacion-ainara\/\" target=\"_blank\" rel=\"noopener\">Latinus<\/a>.<\/em><\/p>\n<p style=\"text-align: justify;\">Elementos de la Fiscal\u00eda General de Justicia de la Ciudad de M\u00e9xico (FGJ) detuvieron este mi\u00e9rcoles a Axel \u201cN\u201d acusado de violaci\u00f3n equiparada en contra de Ainara (Su\u00e1rez Olvera), en el Aeropuerto Internacional de la Ciudad de M\u00e9xico.<\/p>\n<p style=\"text-align: justify;\">De acuerdo con la fiscal\u00eda capitalina, el detenido, de 19 a\u00f1os, buscaba salir de M\u00e9xico y viajar a Florida, Estados Unidos, al momento de ser arrestado.<\/p>\n<p style=\"text-align: justify;\">Personal de la Interpol M\u00e9xico le solicit\u00f3 que bajara del avi\u00f3n en el que pretend\u00eda trasladarse a Miami luego de detectar que ten\u00eda una orden de aprehensi\u00f3n en su contra.<\/p>\n<p style=\"text-align: justify;\">La <em>youtuber<\/em> Yoseline Hoffman, conocida como<em> YosStop,<\/em> se encuentra en prisi\u00f3n preventiva por este caso, al ser se\u00f1alada por el delito de pornograf\u00eda en agravio de un menor de edad.<\/p>\n<p style=\"text-align: justify;\">En marzo pasado,<em> YosStop<\/em> y cuatro menores de edad fueron denunciados por estar involucrados en la agresi\u00f3n sexual en contra de una adolescente y por la difusi\u00f3n de los hechos.<\/p>\n<p style=\"text-align: justify;\">La agresi\u00f3n ocurri\u00f3 el 25 de mayo de 2018, cuando Ainara ten\u00eda 16 a\u00f1os. En una fiesta, la adolescente fue agredida con una botella de champagne por cuatro adolescentes.<\/p>\n<p style=\"text-align: justify;\">Si bien la <em>youtuber<\/em> no particip\u00f3 en la violaci\u00f3n, la denuncia que se le atribuye fue por almacenar el video de la agresi\u00f3n sexual, lo que constituye el delito de pornograf\u00eda infantil.<\/p>\n<p style=\"text-align: justify;\"><em>YosStop<\/em> subi\u00f3 a su canal el video <em>Pat\u00e9tica Generaci\u00f3n<\/em> (que ya no se encuentra en YouTube) en el que hizo comentarios sobre una pelea en la que Ainara estuvo involucrada y mencion\u00f3 que la adolescente era famosa porque \u201cen una peda se dej\u00f3 meter una botella de M\u00f6et, o sea de champagne, por la vagina\u201d. Mencion\u00f3 que recibi\u00f3 y reprodujo, adem\u00e1s almacen\u00f3 el video sobre ese suceso.<\/p>\n<p style=\"text-align: justify;\">Los abogados de Ainara se\u00f1alaron que la difusi\u00f3n del video de Ainara le ha causado un gran impacto emocional y en sus relaciones personales, ya que ha sido v\u00edctima de bullying y ataques, entre esos los comentarios de <em>YosStop<\/em>.<\/p>\n","protected":false},"excerpt":{"rendered":"<p>CIUDAD DE M\u00c9XICO. * 28 de julio de 2021. ) Latinus. Elementos de la Fiscal\u00eda General de Justicia de la Ciudad de M\u00e9xico (FGJ) detuvieron este mi\u00e9rcoles a Axel \u201cN\u201d acusado de violaci\u00f3n equiparada en contra de Ainara (Su\u00e1rez Olvera), en el Aeropuerto Internacional de la Ciudad de M\u00e9xico. De acuerdo con la fiscal\u00eda capitalina,&#8230;<\/p>\n","protected":false},"author":2,"featured_media":1231358,"comment_status":"closed","ping_status":"closed","sticky":false,"template":"","format":"standard","meta":{"footnotes":""},"categories":[1969,2005],"tags":[3320,8685,18267,18275],"class_list":["post-1231357","post","type-post","status-publish","format-standard","has-post-thumbnail","hentry","category-trending","category-seguridad-y-justicia","tag-aeropuerto-internacional-de-la-ciudad-de-mexico","tag-fiscalia-general-de-justicia-de-la-ciudad-de-mexico","tag-yoseline-hoffman","tag-yosstop"],"_links":{"self":[{"href":"https:\/\/www.acapulcopress.com\/index.php\/wp-json\/wp\/v2\/posts\/1231357","targetHints":{"allow":["GET"]}}],"collection":[{"href":"https:\/\/www.acapulcopress.com\/index.php\/wp-json\/wp\/v2\/posts"}],"about":[{"href":"https:\/\/www.acapulcopress.com\/index.php\/wp-json\/wp\/v2\/types\/post"}],"author":[{"embeddable":true,"href":"https:\/\/www.acapulcopress.com\/index.php\/wp-json\/wp\/v2\/users\/2"}],"replies":[{"embeddable":true,"href":"https:\/\/www.acapulcopress.com\/index.php\/wp-json\/wp\/v2\/comments?post=1231357"}],"version-history":[{"count":0,"href":"https:\/\/www.acapulcopress.com\/index.php\/wp-json\/wp\/v2\/posts\/1231357\/revisions"}],"wp:featuredmedia":[{"embeddable":true,"href":"https:\/\/www.acapulcopress.com\/index.php\/wp-json\/"}],"wp:attachment":[{"href":"https:\/\/www.acapulcopress.com\/index.php\/wp-json\/wp\/v2\/media?parent=1231357"}],"wp:term":[{"taxonomy":"category","embeddable":true,"href":"https:\/\/www.acapulcopress.com\/index.php\/wp-json\/wp\/v2\/categories?post=1231357"},{"taxonomy":"post_tag","embeddable":true,"href":"https:\/\/www.acapulcopress.com\/index.php\/wp-json\/wp\/v2\/tags?post=1231357"}],"curies":[{"name":"wp","href":"https:\/\/api.w.org\/{rel}","templated":true}]}}