{"id":1231364,"date":"2021-07-28T20:26:32","date_gmt":"2021-07-29T01:26:32","guid":{"rendered":"https:\/\/www.acapulco.press\/?p=1231364"},"modified":"2021-07-28T20:26:32","modified_gmt":"2021-07-29T01:26:32","slug":"fiscalia-inicia-investigacion-por-homicidio-de-chofer-de-autobus","status":"publish","type":"post","link":"https:\/\/www.acapulcopress.com\/index.php\/2021\/07\/28\/fiscalia-inicia-investigacion-por-homicidio-de-chofer-de-autobus\/","title":{"rendered":"Fiscal\u00eda inicia investigaci\u00f3n por homicidio de chofer de autob\u00fas"},"content":{"rendered":"<p style=\"text-align: justify;\">CHILPANCINGO. * 28 de julio de 2021.<br \/>\n<em>) <a href=\"https:\/\/fiscaliaguerrero.gob.mx\" target=\"_blank\" rel=\"noopener\">https:\/\/fiscaliaguerrero.gob.mx<\/a>.<\/em><\/p>\n<p style=\"text-align: justify;\">La Fiscal\u00eda General del Estado inici\u00f3 investigaci\u00f3n por el delito de homicidio por arma de fuego de un masculino; lesiones y da\u00f1os en agravio de otras tres personas y en contra de quien o quienes resulten responsables.<\/p>\n<p style=\"text-align: justify;\">De acuerdo a los hechos, una persona del sexo masculino abord\u00f3 el urbano ruta costera-renacimiento, dispar\u00f3 en contra del ch\u00f3fer y \u00e9ste se impact\u00f3 con dos veh\u00edculos del transporte p\u00fablico (taxi amarillo y azul), a la altura del punto conocido como \u00abLlave de Agua\u00bb; teniendo como resultado una persona del sexo masculino sin vida al interior del urbano y tres lesionados que iban de pasajeros en las otras dos unidades del servicio p\u00fablico, mismas que fueron atendidas de forma inmediata y trasladas a diferentes hospitales para su valoraci\u00f3n m\u00e9dica.<\/p>\n<p style=\"text-align: justify;\">El Fiscal General, Jorge Zuriel de los Santos Barrila, en compa\u00f1\u00eda de Polic\u00edas Ministeriales y peritos acudieron al lugar de los hechos para inspeccionar personalmente y dar inicio a las primeras diligencias.<\/p>\n<p style=\"text-align: justify;\">Llegaron al lugar elementos del cuerpo de Bomberos, Polic\u00edas Ministeriales, peritos de la Direcci\u00f3n General de Servicios Periciales y param\u00e9dicos de la Cruz Roja.<\/p>\n<p style=\"text-align: justify;\">En la zona se encontr\u00f3 un casquillo 45 mm. y se encuentran realizando los peritos las diligencias en las diversas materias.<\/p>\n<p style=\"text-align: justify;\">Derivado de este hecho delictivo, el Fiscal instruy\u00f3 un operativo policiaco por parte de Agentes Ministeriales en coordinaci\u00f3n con elementos de la Secretar\u00eda de Seguridad P\u00fablica Estatal y SEDENA, con el prop\u00f3sito de ubicar a \u00e9l o los probables responsables de este delito.<\/p>\n","protected":false},"excerpt":{"rendered":"<p>CHILPANCINGO. * 28 de julio de 2021. ) https:\/\/fiscaliaguerrero.gob.mx. La Fiscal\u00eda General del Estado inici\u00f3 investigaci\u00f3n por el delito de homicidio por arma de fuego de un masculino; lesiones y da\u00f1os en agravio de otras tres personas y en contra de quien o quienes resulten responsables. De acuerdo a los hechos, una persona del sexo&#8230;<\/p>\n","protected":false},"author":2,"featured_media":1231365,"comment_status":"closed","ping_status":"closed","sticky":false,"template":"","format":"standard","meta":{"footnotes":""},"categories":[1969,1972,2005],"tags":[8703,10946,14737],"class_list":["post-1231364","post","type-post","status-publish","format-standard","has-post-thumbnail","hentry","category-trending","category-special","category-seguridad-y-justicia","tag-fiscalia-general-del-estado-de-guerrero-fge","tag-jorge-zuriel-de-los-santos-barrila","tag-policia-ministerial-de-guerrero"],"_links":{"self":[{"href":"https:\/\/www.acapulcopress.com\/index.php\/wp-json\/wp\/v2\/posts\/1231364","targetHints":{"allow":["GET"]}}],"collection":[{"href":"https:\/\/www.acapulcopress.com\/index.php\/wp-json\/wp\/v2\/posts"}],"about":[{"href":"https:\/\/www.acapulcopress.com\/index.php\/wp-json\/wp\/v2\/types\/post"}],"author":[{"embeddable":true,"href":"https:\/\/www.acapulcopress.com\/index.php\/wp-json\/wp\/v2\/users\/2"}],"replies":[{"embeddable":true,"href":"https:\/\/www.acapulcopress.com\/index.php\/wp-json\/wp\/v2\/comments?post=1231364"}],"version-history":[{"count":0,"href":"https:\/\/www.acapulcopress.com\/index.php\/wp-json\/wp\/v2\/posts\/1231364\/revisions"}],"wp:featuredmedia":[{"embeddable":true,"href":"https:\/\/www.acapulcopress.com\/index.php\/wp-json\/"}],"wp:attachment":[{"href":"https:\/\/www.acapulcopress.com\/index.php\/wp-json\/wp\/v2\/media?parent=1231364"}],"wp:term":[{"taxonomy":"category","embeddable":true,"href":"https:\/\/www.acapulcopress.com\/index.php\/wp-json\/wp\/v2\/categories?post=1231364"},{"taxonomy":"post_tag","embeddable":true,"href":"https:\/\/www.acapulcopress.com\/index.php\/wp-json\/wp\/v2\/tags?post=1231364"}],"curies":[{"name":"wp","href":"https:\/\/api.w.org\/{rel}","templated":true}]}}