{"id":1231376,"date":"2021-07-28T23:58:57","date_gmt":"2021-07-29T04:58:57","guid":{"rendered":"https:\/\/www.acapulco.press\/?p=1231376"},"modified":"2021-07-28T23:58:57","modified_gmt":"2021-07-29T04:58:57","slug":"google-exige-a-sus-empleados-vacunarse","status":"publish","type":"post","link":"https:\/\/www.acapulcopress.com\/index.php\/2021\/07\/28\/google-exige-a-sus-empleados-vacunarse\/","title":{"rendered":"Google exige a sus empleados vacunarse"},"content":{"rendered":"<p style=\"text-align: justify;\">MOUNTAIN VIEW. * 28 de julio de 2021.<br \/>\n<em>) Efe.<\/em><\/p>\n<p style=\"text-align: justify;\">El gigante estadounidense de internet Google inform\u00f3 este mi\u00e9rcoles a sus m\u00e1s de 130,000 empleados en todo el mundo que tienen la obligaci\u00f3n de vacunarse contra el Covid-19 para regresar a las oficinas en octubre.<\/p>\n<p style=\"text-align: justify;\">En una entrada en el blog corporativo, el consejero delegado de Google, Sundar Pichai, explic\u00f3 que la implementaci\u00f3n de este requisito \u201cvariar\u00e1 de acuerdo con las condiciones y regulaciones locales\u201d y que no se impondr\u00e1 en una regi\u00f3n determinada hasta que las vacunas est\u00e9n \u201campliamente disponibles\u201d en la misma.<\/p>\n<p style=\"text-align: justify;\">Pichai tambi\u00e9n retras\u00f3 la fecha de vuelta obligatoria a las oficinas, que estaba fijada para septiembre pero que ahora pasa a ser el 18 de octubre, a causa del incremento de casos de coronavirus en todo el mundo por la variante delta.<\/p>\n<p style=\"text-align: justify;\">Aunque varios Gobiernos y entidades p\u00fablicas de Estados Unidos ya han anunciado la exigencia a sus empleados de recibir la vacuna para volver al trabajo, Google es la primera gran empresa tecnol\u00f3gica que hace lo propio.<\/p>\n<p style=\"text-align: justify;\">A principios de julio, algunos de los miles de empleados que Google tiene en Estados Unidos regresaron a la oficina por primera vez desde el inicio de la pandemia de Covid-19 el a\u00f1o pasado, un retorno con car\u00e1cter voluntario y que sirve de prueba de cara al oto\u00f1o.<\/p>\n<p style=\"text-align: justify;\">La firma del buscador ya anunci\u00f3 a principios de mayo que, una vez se d\u00e9 por terminada la pandemia, el 80% de su plantilla deber\u00e1 regresar a puestos de trabajo f\u00edsicos, mientras que el 20% restante podr\u00e1 trabajar a distancia de forma permanente.<\/p>\n<p style=\"text-align: justify;\">Quienes deban asistir a las oficinas tendr\u00e1n que hacerlo de forma obligatoria solo algunos d\u00edas por semana, mientras que los otros d\u00edas podr\u00e1n elegir desde d\u00f3nde trabajar\u00e1n.<\/p>\n<p style=\"text-align: justify;\">Google fue una de las primeras grandes empresas de Silicon Valley en cerrar sus oficinas y promover el teletrabajo a principios del a\u00f1o pasado.<\/p>\n<p style=\"text-align: justify;\">El Covid-19 aceler\u00f3 la transici\u00f3n al trabajo remoto, que ya se estaba empezando a dar en la industria tecnol\u00f3gica en los \u00faltimos a\u00f1os.<\/p>\n","protected":false},"excerpt":{"rendered":"<p>MOUNTAIN VIEW. * 28 de julio de 2021. ) Efe. El gigante estadounidense de internet Google inform\u00f3 este mi\u00e9rcoles a sus m\u00e1s de 130,000 empleados en todo el mundo que tienen la obligaci\u00f3n de vacunarse contra el Covid-19 para regresar a las oficinas en octubre. En una entrada en el blog corporativo, el consejero delegado&#8230;<\/p>\n","protected":false},"author":2,"featured_media":1231377,"comment_status":"closed","ping_status":"closed","sticky":false,"template":"","format":"standard","meta":{"footnotes":""},"categories":[1997],"tags":[9352],"class_list":["post-1231376","post","type-post","status-publish","format-standard","has-post-thumbnail","hentry","category-noticias-destacadas","tag-google"],"_links":{"self":[{"href":"https:\/\/www.acapulcopress.com\/index.php\/wp-json\/wp\/v2\/posts\/1231376","targetHints":{"allow":["GET"]}}],"collection":[{"href":"https:\/\/www.acapulcopress.com\/index.php\/wp-json\/wp\/v2\/posts"}],"about":[{"href":"https:\/\/www.acapulcopress.com\/index.php\/wp-json\/wp\/v2\/types\/post"}],"author":[{"embeddable":true,"href":"https:\/\/www.acapulcopress.com\/index.php\/wp-json\/wp\/v2\/users\/2"}],"replies":[{"embeddable":true,"href":"https:\/\/www.acapulcopress.com\/index.php\/wp-json\/wp\/v2\/comments?post=1231376"}],"version-history":[{"count":0,"href":"https:\/\/www.acapulcopress.com\/index.php\/wp-json\/wp\/v2\/posts\/1231376\/revisions"}],"wp:featuredmedia":[{"embeddable":true,"href":"https:\/\/www.acapulcopress.com\/index.php\/wp-json\/"}],"wp:attachment":[{"href":"https:\/\/www.acapulcopress.com\/index.php\/wp-json\/wp\/v2\/media?parent=1231376"}],"wp:term":[{"taxonomy":"category","embeddable":true,"href":"https:\/\/www.acapulcopress.com\/index.php\/wp-json\/wp\/v2\/categories?post=1231376"},{"taxonomy":"post_tag","embeddable":true,"href":"https:\/\/www.acapulcopress.com\/index.php\/wp-json\/wp\/v2\/tags?post=1231376"}],"curies":[{"name":"wp","href":"https:\/\/api.w.org\/{rel}","templated":true}]}}