{"id":1231382,"date":"2021-07-29T22:05:41","date_gmt":"2021-07-30T03:05:41","guid":{"rendered":"https:\/\/www.acapulco.press\/?p=1231382"},"modified":"2021-07-29T22:05:41","modified_gmt":"2021-07-30T03:05:41","slug":"ong-internacional-reconoce-lucha-del-senador-anorve-contra-trata-de-personas","status":"publish","type":"post","link":"https:\/\/www.acapulcopress.com\/index.php\/2021\/07\/29\/ong-internacional-reconoce-lucha-del-senador-anorve-contra-trata-de-personas\/","title":{"rendered":"Ong internacional reconoce lucha del Senador A\u00f1orve contra trata de personas"},"content":{"rendered":"<p style=\"text-align: justify;\">WASHINGTON. * 29 de julio de 2021.<br \/>\n<em>) Especial.<\/em><\/p>\n<p style=\"text-align: justify;\">El Senador de la Rep\u00fablica Manuel A\u00f1orve Ba\u00f1os recibi\u00f3 de parte de la asociaci\u00f3n \u00abVoces Contra La Trata\u00bb un reconocimiento por su lucha constante contra la trata de personas en el marco del D\u00eda Internacional Contra la Trata de Personas.<\/p>\n<p style=\"text-align: justify;\">El reconocimiento le fue entregado al senador guerrerense durante un encuentro binacional con organizaciones no gubernamentales en la capital estadounidense, Washington, D.C.<\/p>\n<p style=\"text-align: justify;\">En su participaci\u00f3n, A\u00f1orve Ba\u00f1os dijo que seg\u00fan datos de la ONU, \u00aben el mundo hay m\u00e1s de 2 millones y medio de v\u00edctimas de trata de personas, pero se estima que, en realidad, la cifra real puede ser 20 veces mayor y que en M\u00e9xico, por ejemplo, se han contabilizan &#8211;oficialmente&#8211; m\u00e1s de 4 mil 300 v\u00edctimas de este delito, tan solo en los \u00faltimos 6 a\u00f1os\u00bb. Tan solo en 2020\u00a0 se registraron 2 v\u00edctimas al d\u00eda, a\u00f1adi\u00f3 el Senador, quien precis\u00f3 que\u00a0 \u00aben pleno siglo 21, muchas ni\u00f1as todav\u00eda son vendidas y obligadas a casarse por usos y costumbres en algunas regiones de M\u00e9xico\u00bb.<\/p>\n<p style=\"text-align: justify;\">De acuerdo con datos oficiales, \u00abel 68 por ciento de las mujeres ind\u00edgenas contrajo matrimonio entre los 9 y los 19 a\u00f1os\u00bb, indic\u00f3 Manuel A\u00f1orve; \u00abpero tambi\u00e9n existen casos de sustracci\u00f3n y venta de menores, para adopci\u00f3n o para el \u201ccultivo de \u00f3rganos\u201d, para su venta en el mercado negro\u00bb.<\/p>\n<p style=\"text-align: justify;\">A\u00f1orve Ba\u00f1os inform\u00f3 que hace una semana present\u00f3 en el Senado de la Rep\u00fablica una iniciativa para homologar la legislaci\u00f3n en materia de combate a la Trata de Personas y la ley general de educaci\u00f3n. Y explic\u00f3 que esta iniciativa busca que se incluya en los planes de estudios de todo el pa\u00eds alg\u00fan contenido espec\u00edfico sobre trata de personas, c\u00f3mo prevenirla, detectarla y denunciarla, ya que entre m\u00e1s informados est\u00e9n nuestras ni\u00f1as y ni\u00f1os m\u00e1s dif\u00edcil ser\u00e1 para los tratantes llegar a ellos. \u00abPor eso es necesario que en las escuelas tambi\u00e9n se hable de la prevenci\u00f3n, detecci\u00f3n y denuncia de este delito tan lacerante para la ni\u00f1ez mexicana\u00bb.<\/p>\n<p style=\"text-align: justify;\">En los encuentros y reuniones\u00a0 donde el senador guerrerense recibi\u00f3 un reconocimiento a su lucha contra la trata de personas participaron personalidades como Donna Rice Hughes, presidenta de Enough is Enough; la presidenta de la Asociaci\u00f3n Alas Abiertas, Karla de la Cuesta; el presidente de Cuajimalpa, Ciudad de M\u00e9xico, Adri\u00e1n Ruvalcaba; la congresista independiente Lisa Babbage; el Instituto de An\u00e1lisis de Pol\u00edtica Familiar; Mar\u00eda Isabel Quintana, agregada de la embajada de M\u00e9xico en Washington, en representaci\u00f3n de Santiago Nieto, titular de la Unidad de Inteligencia Financiera (IUF); la firma internacional de abogados Lamento; la asociaci\u00f3n Too real to be held down; Patricia Salazar, Presidenta de Allende, Nuevo Le\u00f3n; Rosi Orozco, Presidenta de Unidos Contra la Trata; Kathy Hatem, directora de Comunicaci\u00f3n de Enough is Enough; Art Lindsey, vicepresidente del Instituto de Fe, Trabajo y Econom\u00eda y Julieta Fernandez M\u00e1rquez, diputada local Electa de Guerrero.<\/p>\n","protected":false},"excerpt":{"rendered":"<p>WASHINGTON. * 29 de julio de 2021. ) Especial. El Senador de la Rep\u00fablica Manuel A\u00f1orve Ba\u00f1os recibi\u00f3 de parte de la asociaci\u00f3n \u00abVoces Contra La Trata\u00bb un reconocimiento por su lucha constante contra la trata de personas en el marco del D\u00eda Internacional Contra la Trata de Personas. El reconocimiento le fue entregado al&#8230;<\/p>\n","protected":false},"author":2,"featured_media":1231383,"comment_status":"closed","ping_status":"closed","sticky":false,"template":"","format":"standard","meta":{"footnotes":""},"categories":[1972,1988,1994],"tags":[7215,12366,17980],"class_list":["post-1231382","post","type-post","status-publish","format-standard","has-post-thumbnail","hentry","category-special","category-lifestyles","category-personalidades","tag-dia-internacional-contra-la-trata-de-personas","tag-manuel-anorve-banos","tag-voces-contra-la-trata"],"_links":{"self":[{"href":"https:\/\/www.acapulcopress.com\/index.php\/wp-json\/wp\/v2\/posts\/1231382","targetHints":{"allow":["GET"]}}],"collection":[{"href":"https:\/\/www.acapulcopress.com\/index.php\/wp-json\/wp\/v2\/posts"}],"about":[{"href":"https:\/\/www.acapulcopress.com\/index.php\/wp-json\/wp\/v2\/types\/post"}],"author":[{"embeddable":true,"href":"https:\/\/www.acapulcopress.com\/index.php\/wp-json\/wp\/v2\/users\/2"}],"replies":[{"embeddable":true,"href":"https:\/\/www.acapulcopress.com\/index.php\/wp-json\/wp\/v2\/comments?post=1231382"}],"version-history":[{"count":0,"href":"https:\/\/www.acapulcopress.com\/index.php\/wp-json\/wp\/v2\/posts\/1231382\/revisions"}],"wp:featuredmedia":[{"embeddable":true,"href":"https:\/\/www.acapulcopress.com\/index.php\/wp-json\/"}],"wp:attachment":[{"href":"https:\/\/www.acapulcopress.com\/index.php\/wp-json\/wp\/v2\/media?parent=1231382"}],"wp:term":[{"taxonomy":"category","embeddable":true,"href":"https:\/\/www.acapulcopress.com\/index.php\/wp-json\/wp\/v2\/categories?post=1231382"},{"taxonomy":"post_tag","embeddable":true,"href":"https:\/\/www.acapulcopress.com\/index.php\/wp-json\/wp\/v2\/tags?post=1231382"}],"curies":[{"name":"wp","href":"https:\/\/api.w.org\/{rel}","templated":true}]}}