{"id":1231389,"date":"2021-07-29T23:30:56","date_gmt":"2021-07-30T04:30:56","guid":{"rendered":"https:\/\/www.acapulco.press\/?p=1231389"},"modified":"2021-07-29T23:30:56","modified_gmt":"2021-07-30T04:30:56","slug":"eu-agradece-a-marcelo-ebrard-esfuerzos-de-mexico-para-abordar-inmigracion-irregular","status":"publish","type":"post","link":"https:\/\/www.acapulcopress.com\/index.php\/2021\/07\/29\/eu-agradece-a-marcelo-ebrard-esfuerzos-de-mexico-para-abordar-inmigracion-irregular\/","title":{"rendered":"EU agradece a Marcelo Ebrard esfuerzos de M\u00e9xico para abordar inmigraci\u00f3n irregular"},"content":{"rendered":"<p style=\"text-align: justify;\">WASHINGTON. * 29 de julio de 2021.<br \/>\n<em>) Efe.<\/em><\/p>\n<p style=\"text-align: justify;\">El secretario de Estado de Estados Unidos, Antony Blinken, agradeci\u00f3 al canciller Marcelo Ebrard los esfuerzos de M\u00e9xico para abordar la inmigraci\u00f3n irregular, en una llamada telef\u00f3nica en la que ambos tambi\u00e9n abordaron temas sobre la democracia y los derechos humanos en la regi\u00f3n.<\/p>\n<p style=\"text-align: justify;\">El portavoz del Departamento de Estado, Ned Price, dio cuenta en un comunicado de la conversaci\u00f3n en la que, asegur\u00f3, hablaron sobre los \u201cesfuerzos coordinados\u201d de ambos pa\u00edses para \u201cabordar las causas fundamentales de la migraci\u00f3n irregular y promover una migraci\u00f3n justa, ordenada y humana en la regi\u00f3n\u201d.<\/p>\n<p style=\"text-align: justify;\">El jefe de la diplomacia estadounidense agradeci\u00f3 a Marcelo Ebrard los esfuerzos del pa\u00eds \u201cque contribuyen al manejo coordinado de la migraci\u00f3n\u201d y not\u00f3 el \u201camplio apoyo a nivel federal, estatal y local\u201d.<\/p>\n","protected":false},"excerpt":{"rendered":"<p>WASHINGTON. * 29 de julio de 2021. ) Efe. El secretario de Estado de Estados Unidos, Antony Blinken, agradeci\u00f3 al canciller Marcelo Ebrard los esfuerzos de M\u00e9xico para abordar la inmigraci\u00f3n irregular, en una llamada telef\u00f3nica en la que ambos tambi\u00e9n abordaron temas sobre la democracia y los derechos humanos en la regi\u00f3n. El portavoz&#8230;<\/p>\n","protected":false},"author":2,"featured_media":1231390,"comment_status":"closed","ping_status":"closed","sticky":false,"template":"","format":"standard","meta":{"footnotes":""},"categories":[1972,18573,18561],"tags":[4029,12448],"class_list":["post-1231389","post","type-post","status-publish","format-standard","has-post-thumbnail","hentry","category-special","category-goverment","category-society-politics","tag-antony-blinken","tag-marcelo-ebrard-casaubon"],"_links":{"self":[{"href":"https:\/\/www.acapulcopress.com\/index.php\/wp-json\/wp\/v2\/posts\/1231389","targetHints":{"allow":["GET"]}}],"collection":[{"href":"https:\/\/www.acapulcopress.com\/index.php\/wp-json\/wp\/v2\/posts"}],"about":[{"href":"https:\/\/www.acapulcopress.com\/index.php\/wp-json\/wp\/v2\/types\/post"}],"author":[{"embeddable":true,"href":"https:\/\/www.acapulcopress.com\/index.php\/wp-json\/wp\/v2\/users\/2"}],"replies":[{"embeddable":true,"href":"https:\/\/www.acapulcopress.com\/index.php\/wp-json\/wp\/v2\/comments?post=1231389"}],"version-history":[{"count":0,"href":"https:\/\/www.acapulcopress.com\/index.php\/wp-json\/wp\/v2\/posts\/1231389\/revisions"}],"wp:featuredmedia":[{"embeddable":true,"href":"https:\/\/www.acapulcopress.com\/index.php\/wp-json\/"}],"wp:attachment":[{"href":"https:\/\/www.acapulcopress.com\/index.php\/wp-json\/wp\/v2\/media?parent=1231389"}],"wp:term":[{"taxonomy":"category","embeddable":true,"href":"https:\/\/www.acapulcopress.com\/index.php\/wp-json\/wp\/v2\/categories?post=1231389"},{"taxonomy":"post_tag","embeddable":true,"href":"https:\/\/www.acapulcopress.com\/index.php\/wp-json\/wp\/v2\/tags?post=1231389"}],"curies":[{"name":"wp","href":"https:\/\/api.w.org\/{rel}","templated":true}]}}