{"id":1231403,"date":"2021-07-31T13:49:59","date_gmt":"2021-07-31T18:49:59","guid":{"rendered":"https:\/\/www.acapulco.press\/?p=1231403"},"modified":"2021-07-31T13:49:59","modified_gmt":"2021-07-31T18:49:59","slug":"mariana-labastida-periodista-de-el-sur-pierde-batalla-contra-el-covid19","status":"publish","type":"post","link":"https:\/\/www.acapulcopress.com\/index.php\/2021\/07\/31\/mariana-labastida-periodista-de-el-sur-pierde-batalla-contra-el-covid19\/","title":{"rendered":"Mariana Labastida, periodista de El Sur, pierde batalla contra el Covid19"},"content":{"rendered":"<p style=\"text-align: justify;\">ACAPULCO. * 31 de julio de 2021.<br \/>\n<em>) Especial.<\/em><\/p>\n<p style=\"text-align: justify;\"><img loading=\"lazy\" decoding=\"async\" class=\"alignleft size-medium wp-image-1231404\" src=\"https:\/\/www.acapulco.press\/wp-content\/uploads\/2021\/07\/Mariana-Labastida-375x667.jpg\" alt=\"\" width=\"375\" height=\"667\" \/>Este medio d\u00eda, la periodista de <em>El Sur<\/em>, Mariana Labastida, perdi\u00f3 la batalla contra el Covid19.<\/p>\n<p style=\"text-align: justify;\">Familiares de la comunicadora acapulque\u00f1a informaron que hace m\u00e1s de un mes Mariana se contagi\u00f3 del mortal virus, quiz\u00e1 en alguno de los eventos noticiosos que profesionalmente cubr\u00eda.<\/p>\n<p style=\"text-align: justify;\">Estuvo internada y atendida en una de las cl\u00ednicas del IMSS, pero hoy finalmente perdi\u00f3 la batalla.<\/p>\n<p><em>Descanse en Paz<\/em> Mariana.<\/p>\n","protected":false},"excerpt":{"rendered":"<p>ACAPULCO. * 31 de julio de 2021. ) Especial. Este medio d\u00eda, la periodista de El Sur, Mariana Labastida, perdi\u00f3 la batalla contra el Covid19. Familiares de la comunicadora acapulque\u00f1a informaron que hace m\u00e1s de un mes Mariana se contagi\u00f3 del mortal virus, quiz\u00e1 en alguno de los eventos noticiosos que profesionalmente cubr\u00eda. Estuvo internada&#8230;<\/p>\n","protected":false},"author":2,"featured_media":1231405,"comment_status":"closed","ping_status":"closed","sticky":false,"template":"","format":"standard","meta":{"footnotes":""},"categories":[18588,2008],"tags":[6705,7783],"class_list":["post-1231403","post","type-post","status-publish","format-standard","has-post-thumbnail","hentry","category-especiales-editorial","category-editorial","tag-covid19","tag-el-sur"],"_links":{"self":[{"href":"https:\/\/www.acapulcopress.com\/index.php\/wp-json\/wp\/v2\/posts\/1231403","targetHints":{"allow":["GET"]}}],"collection":[{"href":"https:\/\/www.acapulcopress.com\/index.php\/wp-json\/wp\/v2\/posts"}],"about":[{"href":"https:\/\/www.acapulcopress.com\/index.php\/wp-json\/wp\/v2\/types\/post"}],"author":[{"embeddable":true,"href":"https:\/\/www.acapulcopress.com\/index.php\/wp-json\/wp\/v2\/users\/2"}],"replies":[{"embeddable":true,"href":"https:\/\/www.acapulcopress.com\/index.php\/wp-json\/wp\/v2\/comments?post=1231403"}],"version-history":[{"count":0,"href":"https:\/\/www.acapulcopress.com\/index.php\/wp-json\/wp\/v2\/posts\/1231403\/revisions"}],"wp:featuredmedia":[{"embeddable":true,"href":"https:\/\/www.acapulcopress.com\/index.php\/wp-json\/"}],"wp:attachment":[{"href":"https:\/\/www.acapulcopress.com\/index.php\/wp-json\/wp\/v2\/media?parent=1231403"}],"wp:term":[{"taxonomy":"category","embeddable":true,"href":"https:\/\/www.acapulcopress.com\/index.php\/wp-json\/wp\/v2\/categories?post=1231403"},{"taxonomy":"post_tag","embeddable":true,"href":"https:\/\/www.acapulcopress.com\/index.php\/wp-json\/wp\/v2\/tags?post=1231403"}],"curies":[{"name":"wp","href":"https:\/\/api.w.org\/{rel}","templated":true}]}}