{"id":1231411,"date":"2021-08-03T12:16:30","date_gmt":"2021-08-03T17:16:30","guid":{"rendered":"https:\/\/www.acapulco.press\/?p=1231411"},"modified":"2021-08-03T12:16:30","modified_gmt":"2021-08-03T17:16:30","slug":"paran-gaseros-por-reduccion-de-precios-de-la-cre","status":"publish","type":"post","link":"https:\/\/www.acapulcopress.com\/index.php\/2021\/08\/03\/paran-gaseros-por-reduccion-de-precios-de-la-cre\/","title":{"rendered":"Paran gaseros por reducci\u00f3n de precios de la CRE"},"content":{"rendered":"<p style=\"text-align: justify;\">CIUDAD DE M\u00c9XICO. * 3 de agosto de 2021.<br \/>\n<em>) OEM.<\/em><br \/>\nEste martes, al menos operadores de ocho mil pipas de gas LP iniciaron un paro indefinido en la Ciudad de M\u00e9xico y el Estado de M\u00e9xico en rechazo a las nuevas tarifas del producto, pues consideras que los precios designados por la Comisi\u00f3n Reguladora de Energ\u00eda (CRE) afecta sus comisiones.<\/p>\n<p style=\"text-align: justify;\">\u201cHacemos esta suspensi\u00f3n de actividades porque no hay condiciones de precio que nos permitir\u00e1n tener un margen operativo\u201d, se\u00f1al\u00f3 Jos\u00e9 Adri\u00e1n Rodr\u00edguez, presidente de la Uni\u00f3n de Gaseros del Valle de M\u00e9xico.<\/p>\n<p style=\"text-align: justify;\">A este paro pac\u00edfico se espera la suma de estados como Tlaxcala, Veracruz, Puebla e Hidalgo, y la raz\u00f3n es la misma: \u00abNo se puede vender un producto por debajo de su costo.<\/p>\n<p style=\"text-align: justify;\">\u00abEl precio de 11.52 pesos por litro para la capital del pa\u00eds es apenas el precio de operaci\u00f3n de las plantas de distribuci\u00f3n y las pipas, que son los socios comerciales de las plantas como comisionistas, y no empleados de la misma\u00bb, por lo que los precios fijados por la CRE\u00a0 \u00abno deja margen de ganancia a los comisionistas\u00bb, se\u00f1al\u00f3 el l\u00edder de los gaseros en la capital del pa\u00eds.<\/p>\n<p style=\"text-align: justify;\">\u00abSi Pemex va a recibir un subsidio de mil 100 millones de pesos mensuales, es posible sostener los precios del gas LP, pero es ir\u00f3nico querer vender un combustible m\u00e1s barato cuando todo, producci\u00f3n y distribuci\u00f3n, salen de los mismo impuestos que se le cobra a la gente\u00bb, expres\u00f3.<\/p>\n<p style=\"text-align: justify;\">Los comisionistas afectados son alrededor de 16 mil;\u00a0 \u00abcon ese precio estipulado el 1 de agosto por Comisi\u00f3n Reguladora de Energ\u00eda (CRE) no se tienen ni 100 pesos de utilidad al d\u00eda, por eso las plantas &#8211;al no tener garant\u00edas laborales&#8211; van a empezar a cerrar, advirti\u00f3 Adri\u00e1n Rodr\u00edguez, quien aclar\u00f3 que de ninguna manera este paso afectar\u00e1 a clientes prioritarios hospitales, comedores p\u00fablicos o instalaciones vulnerables o \u00e1reas Covid, ya que estas instituciones sostienen contratos directos con Pemex.<\/p>\n<p style=\"text-align: justify;\">Po \u00faltimo, los inconformes suscribieron que \u00abel \u00e1rbitro no es la CRE, sino la<br \/>\nComisi\u00f3n Federal de Competencia Econ\u00f3mica (Cofece) quien avala si hay o no condiciones para precios m\u00e1ximos del combustible gaseoso.<\/p>\n","protected":false},"excerpt":{"rendered":"<p>CIUDAD DE M\u00c9XICO. * 3 de agosto de 2021. ) OEM. Este martes, al menos operadores de ocho mil pipas de gas LP iniciaron un paro indefinido en la Ciudad de M\u00e9xico y el Estado de M\u00e9xico en rechazo a las nuevas tarifas del producto, pues consideras que los precios designados por la Comisi\u00f3n Reguladora&#8230;<\/p>\n","protected":false},"author":2,"featured_media":1231412,"comment_status":"closed","ping_status":"closed","sticky":false,"template":"","format":"standard","meta":{"footnotes":""},"categories":[1969,1972],"tags":[9104],"class_list":["post-1231411","post","type-post","status-publish","format-standard","has-post-thumbnail","hentry","category-trending","category-special","tag-gas-lp"],"_links":{"self":[{"href":"https:\/\/www.acapulcopress.com\/index.php\/wp-json\/wp\/v2\/posts\/1231411","targetHints":{"allow":["GET"]}}],"collection":[{"href":"https:\/\/www.acapulcopress.com\/index.php\/wp-json\/wp\/v2\/posts"}],"about":[{"href":"https:\/\/www.acapulcopress.com\/index.php\/wp-json\/wp\/v2\/types\/post"}],"author":[{"embeddable":true,"href":"https:\/\/www.acapulcopress.com\/index.php\/wp-json\/wp\/v2\/users\/2"}],"replies":[{"embeddable":true,"href":"https:\/\/www.acapulcopress.com\/index.php\/wp-json\/wp\/v2\/comments?post=1231411"}],"version-history":[{"count":0,"href":"https:\/\/www.acapulcopress.com\/index.php\/wp-json\/wp\/v2\/posts\/1231411\/revisions"}],"wp:featuredmedia":[{"embeddable":true,"href":"https:\/\/www.acapulcopress.com\/index.php\/wp-json\/"}],"wp:attachment":[{"href":"https:\/\/www.acapulcopress.com\/index.php\/wp-json\/wp\/v2\/media?parent=1231411"}],"wp:term":[{"taxonomy":"category","embeddable":true,"href":"https:\/\/www.acapulcopress.com\/index.php\/wp-json\/wp\/v2\/categories?post=1231411"},{"taxonomy":"post_tag","embeddable":true,"href":"https:\/\/www.acapulcopress.com\/index.php\/wp-json\/wp\/v2\/tags?post=1231411"}],"curies":[{"name":"wp","href":"https:\/\/api.w.org\/{rel}","templated":true}]}}