{"id":1231417,"date":"2021-08-03T18:45:31","date_gmt":"2021-08-03T23:45:31","guid":{"rendered":"https:\/\/www.acapulco.press\/?p=1231417"},"modified":"2021-08-03T18:45:31","modified_gmt":"2021-08-03T23:45:31","slug":"captura-fge-a-un-violador-en-ajuchitan","status":"publish","type":"post","link":"https:\/\/www.acapulcopress.com\/index.php\/2021\/08\/03\/captura-fge-a-un-violador-en-ajuchitan\/","title":{"rendered":"Captura FGE a un violador en Ajuchit\u00e1n"},"content":{"rendered":"<p style=\"text-align: justify;\">CHILPANCINGO. * 3 de agosto de 2021.<br \/>\n<em>) <a href=\"https:\/\/fiscaliaguerrero.gob.mx\" target=\"_blank\" rel=\"noopener\">https:\/\/fiscaliaguerrero.gob.mx<\/a>.<\/em><\/p>\n<p style=\"text-align: justify;\">La Polic\u00eda Investigadora Ministerial de la regi\u00f3n Tierra Caliente cumpliment\u00f3 la orden de aprehensi\u00f3n en contra de Alfredo \u00abN\u00bb, acusado como probable responsable del delito de violaci\u00f3n equiparada agravada.<\/p>\n<p style=\"text-align: justify;\">De acuerdo a los hechos, que obran en la carpeta judicial C-68\/2021 el imputado cometi\u00f3 el delito en reiteradas ocasiones en agravio de la menor v\u00edctima, en la comunidad de San Gabriel, municipio de Ajuchitl\u00e1n del Progreso.<\/p>\n<p style=\"text-align: justify;\">Quedando el detenido a disposici\u00f3n del Juez de Control y de Enjuiciamiento penal del Distrito Judicial de Mina y Cuauht\u00e9moc, quien resolver\u00e1 la situaci\u00f3n jur\u00eddica.<\/p>\n<p style=\"text-align: justify;\">La Fiscal\u00eda General del Estado continuar\u00e1 investigando los delitos del fuero com\u00fan y con especial seguimiento los cometidos en temas de igualdad de g\u00e9nero y menores de edad en el estado de Guerrero.<\/p>\n<p style=\"text-align: justify;\">MINISTERIALES APREHENDEN A UN GOLPEADOR<\/p>\n<p>Fiscal\u00eda de Guerrero a trav\u00e9s de la Polic\u00eda Investigadora Ministerial de San Marcos, regi\u00f3n Costa Chica, dio cumplimiento a la orden de reaprehensi\u00f3n en contra de quien dijo llamarse Jos\u00e9 Alfonso \u00abN\u00bb detenido como probable responsable del delito de lesiones, en agravio de Vladimir \u00abN\u00bb, hechos relacionados con la causa penal 130-I\/2014 a disposici\u00f3n del Juez Penal del Distrito Judicial de Tabares, Acapulco.<\/p>\n<p><img loading=\"lazy\" decoding=\"async\" class=\"alignleft size-medium wp-image-1231420\" src=\"https:\/\/www.acapulco.press\/wp-content\/uploads\/2021\/08\/fge-alfredo-375x363.jpg\" alt=\"\" width=\"375\" height=\"363\" \/><\/p>\n","protected":false},"excerpt":{"rendered":"<p>CHILPANCINGO. * 3 de agosto de 2021. ) https:\/\/fiscaliaguerrero.gob.mx. La Polic\u00eda Investigadora Ministerial de la regi\u00f3n Tierra Caliente cumpliment\u00f3 la orden de aprehensi\u00f3n en contra de Alfredo \u00abN\u00bb, acusado como probable responsable del delito de violaci\u00f3n equiparada agravada. De acuerdo a los hechos, que obran en la carpeta judicial C-68\/2021 el imputado cometi\u00f3 el delito&#8230;<\/p>\n","protected":false},"author":2,"featured_media":1231418,"comment_status":"closed","ping_status":"closed","sticky":false,"template":"","format":"standard","meta":{"footnotes":""},"categories":[1969,2005],"tags":[8703,10946,14737],"class_list":["post-1231417","post","type-post","status-publish","format-standard","has-post-thumbnail","hentry","category-trending","category-seguridad-y-justicia","tag-fiscalia-general-del-estado-de-guerrero-fge","tag-jorge-zuriel-de-los-santos-barrila","tag-policia-ministerial-de-guerrero"],"_links":{"self":[{"href":"https:\/\/www.acapulcopress.com\/index.php\/wp-json\/wp\/v2\/posts\/1231417","targetHints":{"allow":["GET"]}}],"collection":[{"href":"https:\/\/www.acapulcopress.com\/index.php\/wp-json\/wp\/v2\/posts"}],"about":[{"href":"https:\/\/www.acapulcopress.com\/index.php\/wp-json\/wp\/v2\/types\/post"}],"author":[{"embeddable":true,"href":"https:\/\/www.acapulcopress.com\/index.php\/wp-json\/wp\/v2\/users\/2"}],"replies":[{"embeddable":true,"href":"https:\/\/www.acapulcopress.com\/index.php\/wp-json\/wp\/v2\/comments?post=1231417"}],"version-history":[{"count":0,"href":"https:\/\/www.acapulcopress.com\/index.php\/wp-json\/wp\/v2\/posts\/1231417\/revisions"}],"wp:featuredmedia":[{"embeddable":true,"href":"https:\/\/www.acapulcopress.com\/index.php\/wp-json\/"}],"wp:attachment":[{"href":"https:\/\/www.acapulcopress.com\/index.php\/wp-json\/wp\/v2\/media?parent=1231417"}],"wp:term":[{"taxonomy":"category","embeddable":true,"href":"https:\/\/www.acapulcopress.com\/index.php\/wp-json\/wp\/v2\/categories?post=1231417"},{"taxonomy":"post_tag","embeddable":true,"href":"https:\/\/www.acapulcopress.com\/index.php\/wp-json\/wp\/v2\/tags?post=1231417"}],"curies":[{"name":"wp","href":"https:\/\/api.w.org\/{rel}","templated":true}]}}