{"id":1231425,"date":"2021-08-03T19:57:23","date_gmt":"2021-08-04T00:57:23","guid":{"rendered":"https:\/\/www.acapulco.press\/?p=1231425"},"modified":"2021-08-03T19:57:23","modified_gmt":"2021-08-04T00:57:23","slug":"gobernador-astudillo-y-evelyn-salgado-hablan-de-temas-vitales-para-el-estado","status":"publish","type":"post","link":"https:\/\/www.acapulcopress.com\/index.php\/2021\/08\/03\/gobernador-astudillo-y-evelyn-salgado-hablan-de-temas-vitales-para-el-estado\/","title":{"rendered":"Gobernador Astudillo y Evelyn Salgado hablan de temas vitales para el Estado"},"content":{"rendered":"<p style=\"text-align: justify;\"><img loading=\"lazy\" decoding=\"async\" class=\"alignnone wp-image-1231426 \" src=\"https:\/\/www.acapulco.press\/wp-content\/uploads\/2021\/08\/HASF-ESP-1.jpg\" alt=\"\" width=\"805\" height=\"805\" \/><\/p>\n<p>CHILPANCINGO. * 3 de agosto de 2021.<br \/>\n<em>) Gobierno de Guerrero.<\/em><\/p>\n<p style=\"text-align: justify;\"><img loading=\"lazy\" decoding=\"async\" class=\"alignleft size-medium wp-image-1231427\" src=\"https:\/\/www.acapulco.press\/wp-content\/uploads\/2021\/08\/HASF-y-ESP-375x250.jpg\" alt=\"\" width=\"375\" height=\"250\" \/>El gobernador H\u00e9ctor Astudillo y la gobernadora electa, Evelyn Salgado Pineda, sostuvieron un encuentro de trabajo en Casa Guerrero y acordaron temas de relevancia para el estado como administraci\u00f3n, finanzas, seguridad p\u00fablica y salud.<\/p>\n<p style=\"text-align: justify;\">As\u00ed mismo, realizaron juntos la emisi\u00f3n 16 de la Segunda Etapa de actualizaci\u00f3n del panorama del Covid19 en Guerrero, donde la gobernadora electa se sum\u00f3 al llamado a los los j\u00f3venes para que acudan a vacunarse.<\/p>\n","protected":false},"excerpt":{"rendered":"<p>CHILPANCINGO. * 3 de agosto de 2021. ) Gobierno de Guerrero. El gobernador H\u00e9ctor Astudillo y la gobernadora electa, Evelyn Salgado Pineda, sostuvieron un encuentro de trabajo en Casa Guerrero y acordaron temas de relevancia para el estado como administraci\u00f3n, finanzas, seguridad p\u00fablica y salud. As\u00ed mismo, realizaron juntos la emisi\u00f3n 16 de la Segunda&#8230;<\/p>\n","protected":false},"author":2,"featured_media":1231428,"comment_status":"closed","ping_status":"closed","sticky":false,"template":"","format":"standard","meta":{"footnotes":""},"categories":[1972,18573,18561],"tags":[8251,9302,9705],"class_list":["post-1231425","post","type-post","status-publish","format-standard","has-post-thumbnail","hentry","category-special","category-goverment","category-society-politics","tag-evelyn-salgado-pineda","tag-gobierno-de-guerrero","tag-hector-astudillo-flores"],"_links":{"self":[{"href":"https:\/\/www.acapulcopress.com\/index.php\/wp-json\/wp\/v2\/posts\/1231425","targetHints":{"allow":["GET"]}}],"collection":[{"href":"https:\/\/www.acapulcopress.com\/index.php\/wp-json\/wp\/v2\/posts"}],"about":[{"href":"https:\/\/www.acapulcopress.com\/index.php\/wp-json\/wp\/v2\/types\/post"}],"author":[{"embeddable":true,"href":"https:\/\/www.acapulcopress.com\/index.php\/wp-json\/wp\/v2\/users\/2"}],"replies":[{"embeddable":true,"href":"https:\/\/www.acapulcopress.com\/index.php\/wp-json\/wp\/v2\/comments?post=1231425"}],"version-history":[{"count":0,"href":"https:\/\/www.acapulcopress.com\/index.php\/wp-json\/wp\/v2\/posts\/1231425\/revisions"}],"wp:featuredmedia":[{"embeddable":true,"href":"https:\/\/www.acapulcopress.com\/index.php\/wp-json\/"}],"wp:attachment":[{"href":"https:\/\/www.acapulcopress.com\/index.php\/wp-json\/wp\/v2\/media?parent=1231425"}],"wp:term":[{"taxonomy":"category","embeddable":true,"href":"https:\/\/www.acapulcopress.com\/index.php\/wp-json\/wp\/v2\/categories?post=1231425"},{"taxonomy":"post_tag","embeddable":true,"href":"https:\/\/www.acapulcopress.com\/index.php\/wp-json\/wp\/v2\/tags?post=1231425"}],"curies":[{"name":"wp","href":"https:\/\/api.w.org\/{rel}","templated":true}]}}