{"id":1231449,"date":"2021-08-05T12:20:20","date_gmt":"2021-08-05T17:20:20","guid":{"rendered":"https:\/\/www.acapulco.press\/?p=1231449"},"modified":"2021-08-05T12:20:20","modified_gmt":"2021-08-05T17:20:20","slug":"desacuerdos-en-tepje-surgen-2-presidentes","status":"publish","type":"post","link":"https:\/\/www.acapulcopress.com\/index.php\/2021\/08\/05\/desacuerdos-en-tepje-surgen-2-presidentes\/","title":{"rendered":"Desacuerdos en TEPJE; hay 2 presidentes"},"content":{"rendered":"<p style=\"text-align: justify;\">CIUDAD DE M\u00c9XICO. * 5 de agosto de 2021.<br \/>\n<em>) Forbes.<\/em><\/p>\n<p style=\"text-align: justify;\">Un nuevo episodio de desencuentros entre cinco magistrados con el presidente del organismo, Jos\u00e9 Luis Vargas Valdez, sumi\u00f3 al Tribunal Electoral del Poder Judicial de la Federaci\u00f3n (TEPJF) en una crisis constitucional en medio de la calificaci\u00f3n del proceso electoral del pasado 6 de junio.<\/p>\n<p style=\"text-align: justify;\">Hoy el Tribunal tiene dos presidentes que reclaman la legitimidad de su nombramiento: Jos\u00e9 Luis Vargas Valdez y Reyes Ram\u00edrez Mondrag\u00f3n.<\/p>\n<p style=\"text-align: justify;\">Ayer, en un hecho in\u00e9dito, los magistrados Janine Ot\u00e1lora Malassis, Felipe de la Mata Piza\u00f1a, Indalfer Infante Gonz\u00e1lez, Felipe Fuentes Barrera y Reyes Ram\u00edrez Mondrag\u00f3n solicitaron que en la audiencia p\u00fablica jurisdiccional se hiciera una evaluaci\u00f3n al desempe\u00f1o del magistrado presidente.<\/p>\n<p style=\"text-align: justify;\">Durante poco m\u00e1s de una hora, la magistrada M\u00f3nica Soto, quien es una aliada de Vargas Valdez y el propio magistrado presidente, se confrontaron a los dem\u00e1s colegiados del Pleno sobre la legalidad de esta acci\u00f3n a tal grado que se acus\u00f3 un intento de \u201cgolpe de estado\u201d contra el Tribunal.<\/p>\n<p style=\"text-align: justify;\">En una decisi\u00f3n calificada de autoritaria y unilateral, Vargas Valdez suspendi\u00f3 la sesi\u00f3n p\u00fablica para \u201cevaluar\u201d si exist\u00edan condiciones para seguir con el orden del d\u00eda.<\/p>\n<p style=\"text-align: justify;\">Sin embargo, Janine Ot\u00e1lora Malassis constituy\u00f3, como magistrada presidenta por Ministerio de Ley, un pleno sin Vergas Valdez y M\u00f3nica Soto, donde se le destituy\u00f3 por diversas faltas a la administraci\u00f3n del Tribunal y por las indagatorias judiciales que pesan sobre \u00e9l.<\/p>\n<p style=\"text-align: justify;\">\u201cNo debemos comprometer la percepci\u00f3n ciudadana con los principios y valores que deben regir el servicio p\u00fablico, la legitimidad y confianza que en el Tribunal debe ser procurada por sus integrantes\u201d, lanz\u00f3 el magistrado Felipe Fuentes Barrera.<\/p>\n<p style=\"text-align: justify;\">Como resultado, el magistrado Reyes Ram\u00edrez Mondrag\u00f3n fue electo magistrado presidente, acci\u00f3n que Vargas Valdez calific\u00f3 como inconstitucional y llam\u00f3 a sus colegas a preservar el orden legal y garantizar que el Tribunal electoral siga ejerciendo su funci\u00f3n.<\/p>\n<p style=\"text-align: justify;\">Este episodio, antecede a otros desencuentros administrativos que se suman a las indagatorias judiciales por corrupci\u00f3n que pesan sobre Vargas Valdez y que de acuerdo con sus pares han motivado una perdida de confianza en su administraci\u00f3n.<\/p>\n<p style=\"text-align: justify;\">Para el exconsejero electoral, Eduardo Huchim, los constantes desencuentros entre los miembros de la Sala Superior y el sentido de sus resoluciones han vulnerado la credibilidad de la instituci\u00f3n a tal grado de cuestionar su eficacia en el contexto actual.<\/p>\n<p style=\"text-align: justify;\">\u201cEl hecho de que refleje esta imagen de confrontaci\u00f3n interna, de falta de solidez de parte del magistrado presidente, unas resoluciones que francamente resultan indefendibles y una inconsistencia en sus criterios, que a veces parecen ser hechos a la medida, es un conjunto de situaciones que llevan a preguntarse si debe continuar el Tribunal electoral en su constituci\u00f3n actual\u201d, consider\u00f3 Huchim en entrevista con Forbes M\u00e9xico en junio pasado.<\/p>\n<p style=\"text-align: justify;\">Por ejemplo, en julio de este a\u00f1o, Vargas Valdez fue acusado del delito de enriquecimiento il\u00edcito por m\u00e1s de 30 millones de pesos por parte de la Unidad de Inteligencia Financiera (UIF) y aunque el caso lleg\u00f3 al Ministerio P\u00fablico y en principio decidi\u00f3 no ejercer acci\u00f3n legal, ayer acept\u00f3 indagar el caso.<\/p>\n<p style=\"text-align: justify;\">Sin embargo, los conflictos administrativos por la forma en que Vargas Valdez conduc\u00eda el Tribunal tambi\u00e9n hicieron mella en su trato con sus pares quienes en m\u00e1s de una ocasi\u00f3n hicieron p\u00fablicas sus diferencias con el magistrado presidente.<\/p>\n<p style=\"text-align: justify;\">Uno de los casos m\u00e1s recientes fue el que se origin\u00f3 a partir de un oficio que gir\u00f3 la presidencia del Tribunal en la que se exig\u00eda a los dem\u00e1s magistrados revelar el sentido de sus votos antes de las sesiones p\u00fablicas.<\/p>\n<p style=\"text-align: justify;\">Los magistrados Indalfer Infante Gonz\u00e1lez, Reyes Rodr\u00edguez Mondrag\u00f3n, Janine Ot\u00e1lora, Felipe Fuentes y Felipe de la Mata, acusaron que la medida no contaba con sustento legal y vulneraba su independencia y autonom\u00eda.<\/p>\n<p style=\"text-align: justify;\">La semana pasada, mientras se resolv\u00edan asuntos relacionados con la elecci\u00f3n de diputados, Vargas Valdez acus\u00f3 que sus colegas votaban en \u201cmanada\u201d lo cual volvi\u00f3 a tensar las relaciones con sus pares.<\/p>\n<p style=\"text-align: justify;\">Otro caso que marc\u00f3 al TEPJF fue el an\u00e1lisis de las candidaturas de F\u00e9lix Salgado Macedonio al gobierno de Guerrero y de Ra\u00fal Mor\u00f3n a Michoac\u00e1n por Morena luego que el INE revoc\u00f3 su postulaci\u00f3n al no haber reportado gastos de precampa\u00f1a.<\/p>\n<p style=\"text-align: justify;\">Jos\u00e9 Luis Vargas fue acusado de dilatar las sesiones de la Sala Superior a fin de cabildear con los dem\u00e1s magistrados un proyecto que le devolver\u00eda la candidatura al guerrerense y al michoacano.<\/p>\n<p style=\"text-align: justify;\">Para San Mart\u00edn, esta disposici\u00f3n no abon\u00f3 al ambiente de certeza y garant\u00eda de que el proceso electoral se observar\u00e1 de acuerdo a lo que estipula la ley.<\/p>\n<p style=\"text-align: justify;\">\u201cEl magistrado tendr\u00e1 que ser el primero en brindar esas garant\u00edas, de certezas. Determinaciones como la que tuvo de enviar un oficio a sus colegas para que le adelanten el sentido de su voto para poder ordenar las votaciones previo a que se celebren las propias sesiones, no abona en esa direcci\u00f3n\u201d, consider\u00f3.<\/p>\n","protected":false},"excerpt":{"rendered":"<p>CIUDAD DE M\u00c9XICO. * 5 de agosto de 2021. ) Forbes. Un nuevo episodio de desencuentros entre cinco magistrados con el presidente del organismo, Jos\u00e9 Luis Vargas Valdez, sumi\u00f3 al Tribunal Electoral del Poder Judicial de la Federaci\u00f3n (TEPJF) en una crisis constitucional en medio de la calificaci\u00f3n del proceso electoral del pasado 6 de&#8230;<\/p>\n","protected":false},"author":2,"featured_media":1231450,"comment_status":"closed","ping_status":"closed","sticky":false,"template":"","format":"standard","meta":{"footnotes":""},"categories":[1997],"tags":[8452,8454,10117,10591,11076,15550,17391],"class_list":["post-1231449","post","type-post","status-publish","format-standard","has-post-thumbnail","hentry","category-noticias-destacadas","tag-felipe-de-la-mata-pizana","tag-felipe-fuentes-barrera","tag-indalfer-infante-gonzalez","tag-janine-otalora-malassis","tag-jose-luis-vargas-valdez","tag-reyes-ramirez-mondragon","tag-tribunal-electoral-del-poder-judicial-de-la-federacion-tepjf"],"_links":{"self":[{"href":"https:\/\/www.acapulcopress.com\/index.php\/wp-json\/wp\/v2\/posts\/1231449","targetHints":{"allow":["GET"]}}],"collection":[{"href":"https:\/\/www.acapulcopress.com\/index.php\/wp-json\/wp\/v2\/posts"}],"about":[{"href":"https:\/\/www.acapulcopress.com\/index.php\/wp-json\/wp\/v2\/types\/post"}],"author":[{"embeddable":true,"href":"https:\/\/www.acapulcopress.com\/index.php\/wp-json\/wp\/v2\/users\/2"}],"replies":[{"embeddable":true,"href":"https:\/\/www.acapulcopress.com\/index.php\/wp-json\/wp\/v2\/comments?post=1231449"}],"version-history":[{"count":0,"href":"https:\/\/www.acapulcopress.com\/index.php\/wp-json\/wp\/v2\/posts\/1231449\/revisions"}],"wp:featuredmedia":[{"embeddable":true,"href":"https:\/\/www.acapulcopress.com\/index.php\/wp-json\/"}],"wp:attachment":[{"href":"https:\/\/www.acapulcopress.com\/index.php\/wp-json\/wp\/v2\/media?parent=1231449"}],"wp:term":[{"taxonomy":"category","embeddable":true,"href":"https:\/\/www.acapulcopress.com\/index.php\/wp-json\/wp\/v2\/categories?post=1231449"},{"taxonomy":"post_tag","embeddable":true,"href":"https:\/\/www.acapulcopress.com\/index.php\/wp-json\/wp\/v2\/tags?post=1231449"}],"curies":[{"name":"wp","href":"https:\/\/api.w.org\/{rel}","templated":true}]}}