{"id":1231464,"date":"2021-08-05T15:13:51","date_gmt":"2021-08-05T20:13:51","guid":{"rendered":"https:\/\/www.acapulco.press\/?p=1231464"},"modified":"2021-08-05T15:13:51","modified_gmt":"2021-08-05T20:13:51","slug":"los-superheroes-ya-se-estan-vacunando-tu-cuando","status":"publish","type":"post","link":"https:\/\/www.acapulcopress.com\/index.php\/2021\/08\/05\/los-superheroes-ya-se-estan-vacunando-tu-cuando\/","title":{"rendered":"Los superh\u00e9roes ya se est\u00e1n vacunando, \u00bft\u00fa, cu\u00e1ndo?"},"content":{"rendered":"<p style=\"text-align: justify;\">\u00bb \u00c1ngel Blanco .<br \/>\n) Acapulco.press<\/p>\n<p style=\"text-align: justify;\"><img loading=\"lazy\" decoding=\"async\" class=\"alignleft size-medium wp-image-1231467\" src=\"https:\/\/www.acapulco.press\/wp-content\/uploads\/2021\/08\/SPIDERMAN-VACUNA-GRO-375x281.jpg\" alt=\"\" width=\"375\" height=\"281\" \/>La direcci\u00f3n general de Comunicaci\u00f3n Social de Guerrero public\u00f3 en su p\u00e1gina oficial de Facebook las imagenes de un joven que acudi\u00f3 a vacunarse disfrazado de &#8216;Spiderman&#8217; y pregunt\u00f3 a sus lectores: \u00abLos Avengers ya se est\u00e1n vacunando \u00bft\u00fa para cu\u00e1ndo?\u00bb<\/p>\n<p style=\"text-align: justify;\">Aunque la referencia a los superh\u00e9roes fue un sarcasmo, las im\u00e1genes sirvieron para invitar a j\u00f3venes y adolescentes, as\u00ed como a la poblaci\u00f3n, en general, a acudir a los m\u00f3dulos de vacunaci\u00f3n para hacer frente juntos a la pandemia caudada por el coronavirus, que sigue incontenible en el estado y ciudades tur\u00edsticos como Acapulco, Taxco y Zihuatanejo.<\/p>\n<p style=\"text-align: justify;\">La publicaci\u00f3n hizo \u00e9nfasis al recordatorio que en Acapulco y algunos municipios de la Costa Chica y Zona Norte ya es el turno de los mayores de 18 a\u00f1os y que se recibir\u00e1 a personas rezagadas hasta el 10 de agosto pr\u00f3ximo.<\/p>\n<p><img loading=\"lazy\" decoding=\"async\" class=\"alignnone wp-image-1231468 size-large\" src=\"https:\/\/www.acapulco.press\/wp-content\/uploads\/2021\/08\/SPIDERMAN-VACUNA-GRO2-840x630.jpg\" alt=\"\" width=\"840\" height=\"630\" \/><\/p>\n<p><img loading=\"lazy\" decoding=\"async\" class=\"alignnone wp-image-1231469 size-large\" src=\"https:\/\/www.acapulco.press\/wp-content\/uploads\/2021\/08\/SPIDERMAN-VACUNA-GRO3-840x630.jpg\" alt=\"\" width=\"840\" height=\"630\" \/><\/p>\n","protected":false},"excerpt":{"rendered":"<p>\u00bb \u00c1ngel Blanco . ) Acapulco.press La direcci\u00f3n general de Comunicaci\u00f3n Social de Guerrero public\u00f3 en su p\u00e1gina oficial de Facebook las imagenes de un joven que acudi\u00f3 a vacunarse disfrazado de &#8216;Spiderman&#8217; y pregunt\u00f3 a sus lectores: \u00abLos Avengers ya se est\u00e1n vacunando \u00bft\u00fa para cu\u00e1ndo?\u00bb Aunque la referencia a los superh\u00e9roes fue un&#8230;<\/p>\n","protected":false},"author":2,"featured_media":1231469,"comment_status":"closed","ping_status":"closed","sticky":false,"template":"","format":"standard","meta":{"footnotes":""},"categories":[18573,18561],"tags":[9302,17728],"class_list":["post-1231464","post","type-post","status-publish","format-standard","has-post-thumbnail","hentry","category-goverment","category-society-politics","tag-gobierno-de-guerrero","tag-vacuna-covid19"],"_links":{"self":[{"href":"https:\/\/www.acapulcopress.com\/index.php\/wp-json\/wp\/v2\/posts\/1231464","targetHints":{"allow":["GET"]}}],"collection":[{"href":"https:\/\/www.acapulcopress.com\/index.php\/wp-json\/wp\/v2\/posts"}],"about":[{"href":"https:\/\/www.acapulcopress.com\/index.php\/wp-json\/wp\/v2\/types\/post"}],"author":[{"embeddable":true,"href":"https:\/\/www.acapulcopress.com\/index.php\/wp-json\/wp\/v2\/users\/2"}],"replies":[{"embeddable":true,"href":"https:\/\/www.acapulcopress.com\/index.php\/wp-json\/wp\/v2\/comments?post=1231464"}],"version-history":[{"count":0,"href":"https:\/\/www.acapulcopress.com\/index.php\/wp-json\/wp\/v2\/posts\/1231464\/revisions"}],"wp:featuredmedia":[{"embeddable":true,"href":"https:\/\/www.acapulcopress.com\/index.php\/wp-json\/"}],"wp:attachment":[{"href":"https:\/\/www.acapulcopress.com\/index.php\/wp-json\/wp\/v2\/media?parent=1231464"}],"wp:term":[{"taxonomy":"category","embeddable":true,"href":"https:\/\/www.acapulcopress.com\/index.php\/wp-json\/wp\/v2\/categories?post=1231464"},{"taxonomy":"post_tag","embeddable":true,"href":"https:\/\/www.acapulcopress.com\/index.php\/wp-json\/wp\/v2\/tags?post=1231464"}],"curies":[{"name":"wp","href":"https:\/\/api.w.org\/{rel}","templated":true}]}}