{"id":1231475,"date":"2021-08-06T13:10:09","date_gmt":"2021-08-06T18:10:09","guid":{"rendered":"https:\/\/www.acapulco.press\/?p=1231475"},"modified":"2021-08-06T13:10:09","modified_gmt":"2021-08-06T18:10:09","slug":"rescatan-en-chiapas-a-93-migrantes-centroamericanos-hacinados-en-un-camion","status":"publish","type":"post","link":"https:\/\/www.acapulcopress.com\/index.php\/2021\/08\/06\/rescatan-en-chiapas-a-93-migrantes-centroamericanos-hacinados-en-un-camion\/","title":{"rendered":"Rescatan en Chiapas a 93 migrantes centroamericanos hacinados en un cami\u00f3n"},"content":{"rendered":"<p style=\"text-align: justify;\"><strong>* 63 ni\u00f1as entre los migrantes originarios de Nicaragua, Guatemala y Honduras rescatados por la Guardia Nacional (GN) y el Instituto Nacional de Migraci\u00f3n (INM) en el kil\u00f3metro 124 de la carretera Las Choapas- Ocozocoautla,<\/strong><\/p>\n<p>LAS CHOAPAS, Chiapas. * 6 de agosto de 2021.<br \/>\n<em>) Segob.<\/em><\/p>\n<p style=\"text-align: justify;\">Derivado de los trabajos interinstitucionales entre la Guardia Nacional (GN) y el Instituto Nacional de Migraci\u00f3n (INM), realizados en el estado de Chiapas, fueron auxiliadas 93 personas migrantes originarias de Nicaragua, Guatemala y Honduras, entre ellas 63 menores de edad, las cuales eran trasladadas en condiciones de hacinamiento dentro de la caja seca de un cami\u00f3n.<\/p>\n<p style=\"text-align: justify;\">Los hechos se registraron cuando guardias nacionales realizaban inspecciones de seguridad a la altura del kil\u00f3metro 124 de la carretera Las Choapas- Ocozocoautla, donde tuvieron contacto con un cami\u00f3n de carga que invad\u00eda la l\u00ednea longitudinal continua, contraviniendo el Reglamento de Tr\u00e1nsito en Carreteras y Puentes de Jurisdicci\u00f3n Federal.<\/p>\n<p style=\"text-align: justify;\">El personal de esta instituci\u00f3n marc\u00f3 el alto total al conductor para aplicarle la infracci\u00f3n correspondiente y al aproximarse a la unidad escucharon voces de auxilio provenientes de la parte trasera del cami\u00f3n, por lo que, al abrir las puertas de la caja fueron localizadas personas de origen centroamericano quienes viajaban en condiciones de hacinamiento y dijeron carecer de documentos que acreditaran su legal estancia en el pa\u00eds.<\/p>\n<p style=\"text-align: justify;\">Las personas migrantes fueron trasladadas a las instalaciones del Instituto Nacional de Migraci\u00f3n de Tuxtla Guti\u00e9rrez, donde se les proporcion\u00f3 agua y alimento, mientras se realizaban las gestiones correspondientes para que recibieran asistencia consular. Los menores de edad solos y los n\u00facleos familiares, fueron llevados al Sistema para el Desarrollo Integral de la Familia (DIF) en la entidad, para su atenci\u00f3n y alojamiento<\/p>\n<p style=\"text-align: justify;\">Al conductor del cami\u00f3n le fue le\u00edda la Cartilla de Derechos que Asiste a las Personas en Detenci\u00f3n, asimismo se realiz\u00f3 el Registro Nacional de Detenciones y junto con la unidad qued\u00f3 a disposici\u00f3n de la Fiscal\u00eda General de la Rep\u00fablica (FGR), con sede en Tuxtla Guti\u00e9rrez.<\/p>\n<p style=\"text-align: justify;\">Con estas acciones, la Guardia Nacional y el Instituto Nacional de Migraci\u00f3n ratifican su compromiso para trabajar de manera permanente por la seguridad de nacionales y extranjeros, con total respeto a los derechos humanos, las leyes mexicanas y a los tratados internacionales en la materia.<\/p>\n","protected":false},"excerpt":{"rendered":"<p>* 63 ni\u00f1as entre los migrantes originarios de Nicaragua, Guatemala y Honduras rescatados por la Guardia Nacional (GN) y el Instituto Nacional de Migraci\u00f3n (INM) en el kil\u00f3metro 124 de la carretera Las Choapas- Ocozocoautla, LAS CHOAPAS, Chiapas. * 6 de agosto de 2021. ) Segob. Derivado de los trabajos interinstitucionales entre la Guardia Nacional&#8230;<\/p>\n","protected":false},"author":2,"featured_media":1231476,"comment_status":"closed","ping_status":"closed","sticky":false,"template":"","format":"standard","meta":{"footnotes":""},"categories":[1972,18561,2079],"tags":[9533,10325],"class_list":["post-1231475","post","type-post","status-publish","format-standard","has-post-thumbnail","hentry","category-special","category-society-politics","category-municipios","tag-guardia-nacional-gn","tag-instituto-nacional-de-migracion-inm"],"_links":{"self":[{"href":"https:\/\/www.acapulcopress.com\/index.php\/wp-json\/wp\/v2\/posts\/1231475","targetHints":{"allow":["GET"]}}],"collection":[{"href":"https:\/\/www.acapulcopress.com\/index.php\/wp-json\/wp\/v2\/posts"}],"about":[{"href":"https:\/\/www.acapulcopress.com\/index.php\/wp-json\/wp\/v2\/types\/post"}],"author":[{"embeddable":true,"href":"https:\/\/www.acapulcopress.com\/index.php\/wp-json\/wp\/v2\/users\/2"}],"replies":[{"embeddable":true,"href":"https:\/\/www.acapulcopress.com\/index.php\/wp-json\/wp\/v2\/comments?post=1231475"}],"version-history":[{"count":0,"href":"https:\/\/www.acapulcopress.com\/index.php\/wp-json\/wp\/v2\/posts\/1231475\/revisions"}],"wp:featuredmedia":[{"embeddable":true,"href":"https:\/\/www.acapulcopress.com\/index.php\/wp-json\/"}],"wp:attachment":[{"href":"https:\/\/www.acapulcopress.com\/index.php\/wp-json\/wp\/v2\/media?parent=1231475"}],"wp:term":[{"taxonomy":"category","embeddable":true,"href":"https:\/\/www.acapulcopress.com\/index.php\/wp-json\/wp\/v2\/categories?post=1231475"},{"taxonomy":"post_tag","embeddable":true,"href":"https:\/\/www.acapulcopress.com\/index.php\/wp-json\/wp\/v2\/tags?post=1231475"}],"curies":[{"name":"wp","href":"https:\/\/api.w.org\/{rel}","templated":true}]}}