{"id":1231481,"date":"2021-08-06T13:57:45","date_gmt":"2021-08-06T18:57:45","guid":{"rendered":"https:\/\/www.acapulco.press\/?p=1231481"},"modified":"2021-08-06T13:57:45","modified_gmt":"2021-08-06T18:57:45","slug":"regreso-a-clases-es-esencial-amlo","status":"publish","type":"post","link":"https:\/\/www.acapulcopress.com\/index.php\/2021\/08\/06\/regreso-a-clases-es-esencial-amlo\/","title":{"rendered":"Regreso a clases es \u00abesencial\u00bb | AMLO"},"content":{"rendered":"<p style=\"text-align: justify;\">PALACIO NACIONAL. * 6 de agosto de 2021.<br \/>\n<em>) <a href=\"https:\/\/www.forbes.com.mx\/persuadiremos-con-que-el-regreso-a-clases-es-seguro-y-necesario-amlo\/\" target=\"_blank\" rel=\"noopener\">Forbes<\/a>.<\/em><\/p>\n<p style=\"text-align: justify;\">El presidente Andr\u00e9s Manuel L\u00f3pez Obrador afirm\u00f3 que aunque el regreso a clases presenciales ser\u00e1 voluntario tratar\u00e1n de convencer a los padres de familia de que el retorno a las aulas es seguro y muy necesario luego de m\u00e1s de un a\u00f1o con las escuelas cerradas.<\/p>\n<p style=\"text-align: justify;\">El jefe del Ejecutivo federal afirm\u00f3 que no hay vuelta atr\u00e1s para el inicio del ciclo escolar 2021-2022 ya que prolongar el cierre de <img loading=\"lazy\" decoding=\"async\" class=\"alignleft size-medium wp-image-1231482\" src=\"https:\/\/www.acapulco.press\/wp-content\/uploads\/2021\/08\/amlo-clases-375x250.jpg\" alt=\"\" width=\"375\" height=\"250\" \/>las escuelas afectar\u00e1 en el futuro al desarrollo de M\u00e9xico.<\/p>\n<p style=\"text-align: justify;\">\n\u201cEs opcional, pero vamos a convencer y a persuadir que hace falta, pero s\u00ed se debe reiniciar el ciclo escolar. Lo repito: M\u00e9xico con Bangladesh son los pa\u00edses en el mundo que han mantenido cerradas las escuelas; nos va afectar m\u00e1s adelante, sobre todo lo que tiene que ver con lo social, lo emocional, lo emotivo para ni\u00f1as, ni\u00f1os y j\u00f3venes\u201d, apunt\u00f3 el mandatario federal.<\/p>\n<p style=\"text-align: justify;\">Ayer, en una reuni\u00f3n con gobernadores, el subsecretario de Prevenci\u00f3n y Promoci\u00f3n de la Salud, Hugo L\u00f3pez-Gatell, plante\u00f3 que las clases fueran declaradas una actividad esencial, a\u00fan con entidades en sem\u00e1foro rojo, hecho que confirm\u00f3 L\u00f3pez Obrador esta ma\u00f1ana.<\/p>\n<p style=\"text-align: justify;\">En dicha reuni\u00f3n, el funcionario de salud achac\u00f3 a los medios de comunicaci\u00f3n una ola de desinformaci\u00f3n sobre los alcances de la tercera ola de Covid-19 y la peligrosidad de la variante Delta.<\/p>\n<p style=\"text-align: justify;\">\u201cS\u00ed, desde luego, s\u00faper esencial, ya no podemos tener a los hijos encerrados o dependiendo del Nintendo, eso es muy t\u00f3xico, yo respeto todo, pero es muy enajenante estar recibiendo todo ese bombardeo de informaci\u00f3n, mucha violencia en los juegos, pero sobre todo est\u00e1n ensimismados.<\/p>\n<p style=\"text-align: justify;\">\u201cNo podemos vivir as\u00ed, somos eminentemente sociales, tenemos que convivir con otros, eso es lo que se logra en la escuela, por eso se aprende, no s\u00f3lo lo que se imparte de ense\u00f1anza, sino lo que se recoge de informaci\u00f3n de los compa\u00f1eritos, maestros\u201d, justific\u00f3.<\/p>\n<p><iframe loading=\"lazy\" title=\"REGRESO A CLASES ES ESENCIAL, INSISTE AMLO\" width=\"1160\" height=\"653\" src=\"https:\/\/www.youtube.com\/embed\/H20WZCLf1Cg?feature=oembed\" frameborder=\"0\" allow=\"accelerometer; autoplay; clipboard-write; encrypted-media; gyroscope; picture-in-picture; web-share\" referrerpolicy=\"strict-origin-when-cross-origin\" allowfullscreen><\/iframe><\/p>\n","protected":false},"excerpt":{"rendered":"<p>PALACIO NACIONAL. * 6 de agosto de 2021. ) Forbes. El presidente Andr\u00e9s Manuel L\u00f3pez Obrador afirm\u00f3 que aunque el regreso a clases presenciales ser\u00e1 voluntario tratar\u00e1n de convencer a los padres de familia de que el retorno a las aulas es seguro y muy necesario luego de m\u00e1s de un a\u00f1o con las escuelas&#8230;<\/p>\n","protected":false},"author":2,"featured_media":1231483,"comment_status":"closed","ping_status":"closed","sticky":false,"template":"","format":"standard","meta":{"footnotes":""},"categories":[1972,18574,1997],"tags":[],"class_list":["post-1231481","post","type-post","status-publish","format-standard","has-post-thumbnail","hentry","category-special","category-gobierno-la-foto","category-noticias-destacadas"],"_links":{"self":[{"href":"https:\/\/www.acapulcopress.com\/index.php\/wp-json\/wp\/v2\/posts\/1231481","targetHints":{"allow":["GET"]}}],"collection":[{"href":"https:\/\/www.acapulcopress.com\/index.php\/wp-json\/wp\/v2\/posts"}],"about":[{"href":"https:\/\/www.acapulcopress.com\/index.php\/wp-json\/wp\/v2\/types\/post"}],"author":[{"embeddable":true,"href":"https:\/\/www.acapulcopress.com\/index.php\/wp-json\/wp\/v2\/users\/2"}],"replies":[{"embeddable":true,"href":"https:\/\/www.acapulcopress.com\/index.php\/wp-json\/wp\/v2\/comments?post=1231481"}],"version-history":[{"count":0,"href":"https:\/\/www.acapulcopress.com\/index.php\/wp-json\/wp\/v2\/posts\/1231481\/revisions"}],"wp:featuredmedia":[{"embeddable":true,"href":"https:\/\/www.acapulcopress.com\/index.php\/wp-json\/"}],"wp:attachment":[{"href":"https:\/\/www.acapulcopress.com\/index.php\/wp-json\/wp\/v2\/media?parent=1231481"}],"wp:term":[{"taxonomy":"category","embeddable":true,"href":"https:\/\/www.acapulcopress.com\/index.php\/wp-json\/wp\/v2\/categories?post=1231481"},{"taxonomy":"post_tag","embeddable":true,"href":"https:\/\/www.acapulcopress.com\/index.php\/wp-json\/wp\/v2\/tags?post=1231481"}],"curies":[{"name":"wp","href":"https:\/\/api.w.org\/{rel}","templated":true}]}}