{"id":1231496,"date":"2021-08-06T15:14:59","date_gmt":"2021-08-06T20:14:59","guid":{"rendered":"https:\/\/www.acapulco.press\/?p=1231496"},"modified":"2021-08-06T15:14:59","modified_gmt":"2021-08-06T20:14:59","slug":"respalda-morena-foros-de-consulta-de-evelyn-salgado-manifiesta-marcial-rodriguez","status":"publish","type":"post","link":"https:\/\/www.acapulcopress.com\/index.php\/2021\/08\/06\/respalda-morena-foros-de-consulta-de-evelyn-salgado-manifiesta-marcial-rodriguez\/","title":{"rendered":"Respalda Morena foros de consulta de Evelyn Salgado, manifiesta Marcial Rodr\u00edguez"},"content":{"rendered":"<p style=\"text-align: justify;\">CHILPANCINGO. * 6 de agosto de 2021.<br \/>\n<em>) Comunicado.<\/em><\/p>\n<p style=\"text-align: justify;\">El dirigente de Morena en Guerrero, Marcial Rodr\u00edguez Salda\u00f1a, manifest\u00f3 su respaldo a la convocatoria a los Foros de Consulta Popular y Participaci\u00f3n Ciudadana \u00abTransformando Guerrero\u00bb que promueve la gobernadora electa Evelyn Salgado Pineda.<\/p>\n<p style=\"text-align: justify;\">El l\u00edder morenista en el estado a\u00f1adi\u00f3 que as\u00ed como participaron en la campa\u00f1a, ahora se debe hacer en los foros para la integraci\u00f3n del Programa de Gobierno y luego en el Plan Estatal de Desarrollo.<\/p>\n<p style=\"text-align: justify;\">Rodr\u00edguez Salda\u00f1o Invit\u00f3, finalmente, a todos los simpatizantes, militantes de Morena, de la Cuarta Transformaci\u00f3n de M\u00e9xico, a ciudadanos sin partido, a organizaciones civiles, sociales progresistas, colegios de profesionistas y al pueblo en general, a participar en la Instauraci\u00f3n de la 4T en Guerrero, que encabeza Evelyn Salgado Pineda.<\/p>\n","protected":false},"excerpt":{"rendered":"<p>CHILPANCINGO. * 6 de agosto de 2021. ) Comunicado. El dirigente de Morena en Guerrero, Marcial Rodr\u00edguez Salda\u00f1a, manifest\u00f3 su respaldo a la convocatoria a los Foros de Consulta Popular y Participaci\u00f3n Ciudadana \u00abTransformando Guerrero\u00bb que promueve la gobernadora electa Evelyn Salgado Pineda. El l\u00edder morenista en el estado a\u00f1adi\u00f3 que as\u00ed como participaron en&#8230;<\/p>\n","protected":false},"author":2,"featured_media":1231497,"comment_status":"closed","ping_status":"closed","sticky":false,"template":"","format":"standard","meta":{"footnotes":""},"categories":[18561,2009],"tags":[8251,8827,12457,13305],"class_list":["post-1231496","post","type-post","status-publish","format-standard","has-post-thumbnail","hentry","category-society-politics","category-politics","tag-evelyn-salgado-pineda","tag-foros-de-consulta-popular-transformando-guerrero","tag-marcial-rodriguez-saldana","tag-morena-guerrero"],"_links":{"self":[{"href":"https:\/\/www.acapulcopress.com\/index.php\/wp-json\/wp\/v2\/posts\/1231496","targetHints":{"allow":["GET"]}}],"collection":[{"href":"https:\/\/www.acapulcopress.com\/index.php\/wp-json\/wp\/v2\/posts"}],"about":[{"href":"https:\/\/www.acapulcopress.com\/index.php\/wp-json\/wp\/v2\/types\/post"}],"author":[{"embeddable":true,"href":"https:\/\/www.acapulcopress.com\/index.php\/wp-json\/wp\/v2\/users\/2"}],"replies":[{"embeddable":true,"href":"https:\/\/www.acapulcopress.com\/index.php\/wp-json\/wp\/v2\/comments?post=1231496"}],"version-history":[{"count":0,"href":"https:\/\/www.acapulcopress.com\/index.php\/wp-json\/wp\/v2\/posts\/1231496\/revisions"}],"wp:featuredmedia":[{"embeddable":true,"href":"https:\/\/www.acapulcopress.com\/index.php\/wp-json\/"}],"wp:attachment":[{"href":"https:\/\/www.acapulcopress.com\/index.php\/wp-json\/wp\/v2\/media?parent=1231496"}],"wp:term":[{"taxonomy":"category","embeddable":true,"href":"https:\/\/www.acapulcopress.com\/index.php\/wp-json\/wp\/v2\/categories?post=1231496"},{"taxonomy":"post_tag","embeddable":true,"href":"https:\/\/www.acapulcopress.com\/index.php\/wp-json\/wp\/v2\/tags?post=1231496"}],"curies":[{"name":"wp","href":"https:\/\/api.w.org\/{rel}","templated":true}]}}