{"id":1231508,"date":"2021-08-06T15:56:49","date_gmt":"2021-08-06T20:56:49","guid":{"rendered":"https:\/\/www.acapulco.press\/?p=1231508"},"modified":"2021-08-06T15:56:49","modified_gmt":"2021-08-06T20:56:49","slug":"pide-coparmex-seguro-de-desempleo-para-reducir-pobreza","status":"publish","type":"post","link":"https:\/\/www.acapulcopress.com\/index.php\/2021\/08\/06\/pide-coparmex-seguro-de-desempleo-para-reducir-pobreza\/","title":{"rendered":"Pide Coparmex seguro de desempleo para reducir pobreza"},"content":{"rendered":"<p style=\"text-align: justify;\">CIUDAD DE M\u00c9XICO. * 6 de agosto de 2021.<br \/>\n<em>)<a href=\"https:\/\/www.forbes.com.mx\/un-seguro-de-desempleo-y-certeza-a-la-inversion-reducira-la-pobreza-coparmex\/\" target=\"_blank\" rel=\"noopener\"> Forbes<\/a>.<\/em><\/p>\n<p style=\"text-align: justify;\">La Confederaci\u00f3n Patronal de la Rep\u00fablica Mexicana (Coparmex) pidi\u00f3 al gobierno de Andr\u00e9s Manuel L\u00f3pez Obrador la creaci\u00f3n de un seguro de desempleo, incentivos a la generaci\u00f3n de empleo, certeza a la inversi\u00f3n y proveer liquidez a las micro, peque\u00f1as y medianas empresas para disminuir las desigualdades, la pobreza y pobreza extrema.<\/p>\n<p style=\"text-align: justify;\">\u201cNos preocupan profundamente las cifras de incremento de la pobreza dadas a conocer por el Consejo Nacional de Evaluaci\u00f3n de la Pol\u00edtica de Desarrollo Social (Coneval) en su Medici\u00f3n de Pobreza Multidimensional 2020\u201d, dice el organismo presidido por Jos\u00e9 Medina Mora Icaza.<\/p>\n<p style=\"text-align: justify;\">Seg\u00fan el organismo patronal, las cifras de pobreza demuestran la insuficiencia de las acciones del gobierno de Andr\u00e9s Manuel L\u00f3pez Obrador para revertir el problema y evitar que m\u00e1s personas vivan en esta situaci\u00f3n en el pa\u00eds.<\/p>\n<p style=\"text-align: justify;\">\u201cTal como lo hicimos p\u00fablico en abril pasado, reiteramos nuestra propuesta de implementar acciones tendientes a disminuir las desigualdades, la pobreza y pobreza extrema como la creaci\u00f3n de un seguro de desempleo, los incentivos a la generaci\u00f3n de empleo, dar certeza a la inversi\u00f3n, medidas de apoyo para proveer liquidez a las micro, peque\u00f1as y medianas empresas\u201d, expres\u00f3 la organizaci\u00f3n en un comunicado.<\/p>\n<p style=\"text-align: justify;\">Coparmex plante\u00f3 que en el pr\u00f3ximo Paquete Econ\u00f3mico para 2022, que se presentar\u00e1 ante el Congreso, haya un replanteamiento del gasto p\u00fablico y se incluyan medidas e incentivos fiscales para lograr un efecto multiplicador, y que propicien mayor liquidez en los hogares y en las empresas.<\/p>\n<p style=\"text-align: justify;\">\u201cHoy m\u00e1s que nunca, el sector empresarial y el gobierno estamos llamados a ser solidarios con todas las familias que han ca\u00eddo en situaci\u00f3n de pobreza y que, adem\u00e1s, en un contexto de emergencia sanitaria por la tercera ola de Covid-19, no cuentan con acceso a servicios de salud\u201d, manifest\u00f3.<\/p>\n<p style=\"text-align: justify;\">En 2020 se registraron 3.8 millones de personas m\u00e1s en pobreza y 2.1 millones de personas m\u00e1s en pobreza extrema de las que hab\u00eda en 2018, de acuerdo con el Consejo Nacional de Evaluaci\u00f3n de la Pol\u00edtica de Desarrollo Social.<\/p>\n<p style=\"text-align: justify;\">La pobreza se debe a una ca\u00edda de los ingresos como consecuencia de la pandemia, de ah\u00ed la importancia de implementar pol\u00edticas p\u00fablicas efectivas que fortalezcan las estrategias gubernamentales encaminadas a la reactivaci\u00f3n econ\u00f3mica, agreg\u00f3 Coparmex.<\/p>\n<p style=\"text-align: justify;\">La organizaci\u00f3n empresarial record\u00f3 que el impacto de la pandemia en los ingresos de las familias mexicanas ha sido desigual.<\/p>\n<p style=\"text-align: justify;\">Coneval revel\u00f3 que entidades con vocaci\u00f3n tur\u00edstica han sido las m\u00e1s afectadas: Quintana Roo y Baja California Sur aumentaron su porcentaje de poblaci\u00f3n en situaci\u00f3n de pobreza en 17.3 y 9.0 puntos porcentuales.<\/p>\n<p style=\"text-align: justify;\">Quintana Roo ha sido la entidad con mayor aumento en el porcentaje de poblaci\u00f3n en pobreza extrema.<\/p>\n<p style=\"text-align: justify;\">En el informe de Coneval, cuya fuente son los datos obtenidos de la Encuesta Nacional de Ingresos y Gastos de los Hogares (Enigh) publicados por el Instituto Nacional de Estad\u00edstica y Geograf\u00eda (Inegi) cada dos a\u00f1os, muestra que la poblaci\u00f3n con carencia por acceso a servicios de salud pas\u00f3 de 16.2% a 28.2%.<\/p>\n<p style=\"text-align: justify;\">\u201cEste rubro registr\u00f3 el mayor incremento porcentual. Advertimos que este aumento de casi el doble de puntos porcentuales significa que, de 2018 a 2020, 15.6 millones de personas dejaron de contar con acceso a servicios de salud\u201d, expuso Coparmex.<\/p>\n<p style=\"text-align: justify;\">Agreg\u00f3 que la pandemia de Covid-19 puso de manifiesto las deficiencias, que ha tenido la creaci\u00f3n e implementaci\u00f3n del Instituto de Salud para el Bienestar (Insabi) en sustituci\u00f3n del Seguro Popular, que inclu\u00eda la cobertura de gastos catastr\u00f3ficos, as\u00ed como el desabasto de medicamentos, lo que ha provocado que sean las familias las que con su patrimonio hagan frente a las contingencias en materia de salud.<\/p>\n<p style=\"text-align: justify;\">\u201cLas cifras muestran c\u00f3mo ha crecido la pobreza en dos a\u00f1os y pone en evidencia la importancia de una reactivaci\u00f3n econ\u00f3mica urgente, sostenible y prolongada en el tiempo que permita la creaci\u00f3n de los 438 mil empleos formales que a\u00fan est\u00e1n pendientes por recuperar y que atienda las implicaciones del cierre de por lo menos un mill\u00f3n de peque\u00f1as y medianas empresas\u201d, a\u00f1adi\u00f3.<\/p>\n<p style=\"text-align: justify;\">\u201cEstamos convencidos que el camino para frenar las crecientes cifras de pobreza que colocan a por lo menos 55.7 millones de mexicanos en situaci\u00f3n vulnerable, no deben atenderse desde una perspectiva asistencialista, sino con pol\u00edticas p\u00fablicas que contribuyan a mejorar las condiciones de vida de las familias mexicanas y atiendan los Objetivos de Desarrollo Sostenible (ODS) de la Agenda 2030\u201d, concluy\u00f3 la Coparmex.<\/p>\n","protected":false},"excerpt":{"rendered":"<p>CIUDAD DE M\u00c9XICO. * 6 de agosto de 2021. ) Forbes. La Confederaci\u00f3n Patronal de la Rep\u00fablica Mexicana (Coparmex) pidi\u00f3 al gobierno de Andr\u00e9s Manuel L\u00f3pez Obrador la creaci\u00f3n de un seguro de desempleo, incentivos a la generaci\u00f3n de empleo, certeza a la inversi\u00f3n y proveer liquidez a las micro, peque\u00f1as y medianas empresas para&#8230;<\/p>\n","protected":false},"author":2,"featured_media":1231509,"comment_status":"closed","ping_status":"closed","sticky":false,"template":"","format":"standard","meta":{"footnotes":""},"categories":[1969],"tags":[3896,6343,6487,11094,12878],"class_list":["post-1231508","post","type-post","status-publish","format-standard","has-post-thumbnail","hentry","category-trending","tag-andres-manuel-lopez-obrador","tag-confederacion-patronal-de-la-republica-mexicana-coparmex","tag-consejo-nacional-de-evaluacion-de-la-politica-de-desarrollo-social-coneval","tag-jose-medina-mora-icaza","tag-medicion-de-pobreza-multidimensional-2020"],"_links":{"self":[{"href":"https:\/\/www.acapulcopress.com\/index.php\/wp-json\/wp\/v2\/posts\/1231508","targetHints":{"allow":["GET"]}}],"collection":[{"href":"https:\/\/www.acapulcopress.com\/index.php\/wp-json\/wp\/v2\/posts"}],"about":[{"href":"https:\/\/www.acapulcopress.com\/index.php\/wp-json\/wp\/v2\/types\/post"}],"author":[{"embeddable":true,"href":"https:\/\/www.acapulcopress.com\/index.php\/wp-json\/wp\/v2\/users\/2"}],"replies":[{"embeddable":true,"href":"https:\/\/www.acapulcopress.com\/index.php\/wp-json\/wp\/v2\/comments?post=1231508"}],"version-history":[{"count":0,"href":"https:\/\/www.acapulcopress.com\/index.php\/wp-json\/wp\/v2\/posts\/1231508\/revisions"}],"wp:featuredmedia":[{"embeddable":true,"href":"https:\/\/www.acapulcopress.com\/index.php\/wp-json\/"}],"wp:attachment":[{"href":"https:\/\/www.acapulcopress.com\/index.php\/wp-json\/wp\/v2\/media?parent=1231508"}],"wp:term":[{"taxonomy":"category","embeddable":true,"href":"https:\/\/www.acapulcopress.com\/index.php\/wp-json\/wp\/v2\/categories?post=1231508"},{"taxonomy":"post_tag","embeddable":true,"href":"https:\/\/www.acapulcopress.com\/index.php\/wp-json\/wp\/v2\/tags?post=1231508"}],"curies":[{"name":"wp","href":"https:\/\/api.w.org\/{rel}","templated":true}]}}