{"id":1231521,"date":"2021-08-09T22:13:26","date_gmt":"2021-08-10T03:13:26","guid":{"rendered":"https:\/\/www.acapulco.press\/?p=1231521"},"modified":"2021-08-09T22:13:26","modified_gmt":"2021-08-10T03:13:26","slug":"captura-fiscalia-a-ladron-de-tienda-departamental-en-acapulco","status":"publish","type":"post","link":"https:\/\/www.acapulcopress.com\/index.php\/2021\/08\/09\/captura-fiscalia-a-ladron-de-tienda-departamental-en-acapulco\/","title":{"rendered":"Captura Fiscal\u00eda a ladr\u00f3n de tienda departamental en Acapulco"},"content":{"rendered":"<p style=\"text-align: justify;\">CHILPANCINGO. * 9 de agosto de 2021.<br \/>\n<em>) https:\/\/fiscaliaguerrero.gob.mx.<br \/>\n<\/em><br \/>\nLa Polic\u00eda Investigadora Ministerial de Acapulco logr\u00f3 la detenci\u00f3n de Ricardo \u00abN\u00bb, como probable responsable del delito de robo a negocio con violencia por un monto mayor a 165 mil pesos en agravio de cadena de tienda departamental sobre Costera Miguel Alem\u00e1n.<\/p>\n<p style=\"text-align: justify;\">De acuerdo al reporte, lleg\u00f3 a la tienda departamental en Fraccionamiento Deportivo por la zona del hotel Calinda una persona del sexo masculino portando un arma de fuego y en ese momento sustrajo equipo de telefon\u00eda celular: 5 Iphone, 6 Samsung, incluyendo 2 de rastreo, 2 Ipads, 2 Apple Watch y 3 Ipods, con un valor econ\u00f3mico de $165,421 pesos.<\/p>\n<p style=\"text-align: justify;\">El detenido y lo asegurado fue puesto a disposici\u00f3n del Ministerio P\u00fablico correspondiente, quien determinar\u00e1 la situaci\u00f3n jur\u00eddica del detenido dentro de las pr\u00f3ximas horas.<\/p>\n<p style=\"text-align: justify;\">La Fiscal\u00eda de Guerrero mantiene el trabajo permanente en el trabajo de Investigaci\u00f3n y coordinaci\u00f3n en acciones de prevenci\u00f3n del delito, lo que contribuye a disminuir la incidencia delictiva en Guerrero.<\/p>\n","protected":false},"excerpt":{"rendered":"<p>CHILPANCINGO. * 9 de agosto de 2021. ) https:\/\/fiscaliaguerrero.gob.mx. La Polic\u00eda Investigadora Ministerial de Acapulco logr\u00f3 la detenci\u00f3n de Ricardo \u00abN\u00bb, como probable responsable del delito de robo a negocio con violencia por un monto mayor a 165 mil pesos en agravio de cadena de tienda departamental sobre Costera Miguel Alem\u00e1n. De acuerdo al reporte,&#8230;<\/p>\n","protected":false},"author":2,"featured_media":1231522,"comment_status":"closed","ping_status":"closed","sticky":false,"template":"","format":"standard","meta":{"footnotes":""},"categories":[1969],"tags":[8703,10946,14737],"class_list":["post-1231521","post","type-post","status-publish","format-standard","has-post-thumbnail","hentry","category-trending","tag-fiscalia-general-del-estado-de-guerrero-fge","tag-jorge-zuriel-de-los-santos-barrila","tag-policia-ministerial-de-guerrero"],"_links":{"self":[{"href":"https:\/\/www.acapulcopress.com\/index.php\/wp-json\/wp\/v2\/posts\/1231521","targetHints":{"allow":["GET"]}}],"collection":[{"href":"https:\/\/www.acapulcopress.com\/index.php\/wp-json\/wp\/v2\/posts"}],"about":[{"href":"https:\/\/www.acapulcopress.com\/index.php\/wp-json\/wp\/v2\/types\/post"}],"author":[{"embeddable":true,"href":"https:\/\/www.acapulcopress.com\/index.php\/wp-json\/wp\/v2\/users\/2"}],"replies":[{"embeddable":true,"href":"https:\/\/www.acapulcopress.com\/index.php\/wp-json\/wp\/v2\/comments?post=1231521"}],"version-history":[{"count":0,"href":"https:\/\/www.acapulcopress.com\/index.php\/wp-json\/wp\/v2\/posts\/1231521\/revisions"}],"wp:featuredmedia":[{"embeddable":true,"href":"https:\/\/www.acapulcopress.com\/index.php\/wp-json\/"}],"wp:attachment":[{"href":"https:\/\/www.acapulcopress.com\/index.php\/wp-json\/wp\/v2\/media?parent=1231521"}],"wp:term":[{"taxonomy":"category","embeddable":true,"href":"https:\/\/www.acapulcopress.com\/index.php\/wp-json\/wp\/v2\/categories?post=1231521"},{"taxonomy":"post_tag","embeddable":true,"href":"https:\/\/www.acapulcopress.com\/index.php\/wp-json\/wp\/v2\/tags?post=1231521"}],"curies":[{"name":"wp","href":"https:\/\/api.w.org\/{rel}","templated":true}]}}