{"id":1231528,"date":"2021-08-09T22:22:41","date_gmt":"2021-08-10T03:22:41","guid":{"rendered":"https:\/\/www.acapulco.press\/?p=1231528"},"modified":"2021-08-09T22:22:41","modified_gmt":"2021-08-10T03:22:41","slug":"atrapa-fiscalia-al-asesino-del-bar-sambawa-de-puerto-marques","status":"publish","type":"post","link":"https:\/\/www.acapulcopress.com\/index.php\/2021\/08\/09\/atrapa-fiscalia-al-asesino-del-bar-sambawa-de-puerto-marques\/","title":{"rendered":"Atrapa Fiscal\u00eda al asesino del bar &#8216;Sambawa&#8217; de Puerto Marqu\u00e9s"},"content":{"rendered":"<p style=\"text-align: justify;\">CHILPANCINGO. * 9 de agosto de 2021.<br \/>\n<em>) <a href=\"https:\/\/fiscaliaguerrero.gob.mx\" target=\"_blank\" rel=\"noopener\">https:\/\/fiscaliaguerrero.gob.mx<\/a>.<\/em><\/p>\n<p style=\"text-align: justify;\">Derivado de las investigaciones la Polic\u00eda Ministerial de Acapulco cumpliment\u00f3 la orden de aprehensi\u00f3n en contra de Francisco Javier \u00abN\u00bb, detenido como probable responsable de homicidio calificado en agravio de dos masculinos y una f\u00e9mina en bar \u201cSambawa\u201d, sobre carretera Cayaco-Puerto Marqu\u00e9s.<\/p>\n<p style=\"text-align: justify;\">Estos hechos se registraron el d\u00eda 4 de agosto del presente a\u00f1o, cuando las tres v\u00edctimas quedaron privadas de la vida en el lugar se\u00f1alado, quedando abierta la carpeta de investigaci\u00f3n 12030340100378040821.<\/p>\n<p style=\"text-align: justify;\">Al arribar elementos ministeriales a la zona encontraron tres personas, dos masculinos de aproximadamente 35 y 50 a\u00f1os y una f\u00e9mina de aproximadamente 25 a\u00f1os, quienes presentaban heridas por arma de fuego.<\/p>\n<p style=\"text-align: justify;\">El detenido relacionado con estos hechos queda a disposici\u00f3n del Juez de Control quien definir\u00e1 la situaci\u00f3n jur\u00eddica.<\/p>\n","protected":false},"excerpt":{"rendered":"<p>CHILPANCINGO. * 9 de agosto de 2021. ) https:\/\/fiscaliaguerrero.gob.mx. Derivado de las investigaciones la Polic\u00eda Ministerial de Acapulco cumpliment\u00f3 la orden de aprehensi\u00f3n en contra de Francisco Javier \u00abN\u00bb, detenido como probable responsable de homicidio calificado en agravio de dos masculinos y una f\u00e9mina en bar \u201cSambawa\u201d, sobre carretera Cayaco-Puerto Marqu\u00e9s. Estos hechos se registraron&#8230;<\/p>\n","protected":false},"author":2,"featured_media":1231529,"comment_status":"closed","ping_status":"closed","sticky":false,"template":"","format":"standard","meta":{"footnotes":""},"categories":[1969],"tags":[4569],"class_list":["post-1231528","post","type-post","status-publish","format-standard","has-post-thumbnail","hentry","category-trending","tag-bar-sambawa"],"_links":{"self":[{"href":"https:\/\/www.acapulcopress.com\/index.php\/wp-json\/wp\/v2\/posts\/1231528","targetHints":{"allow":["GET"]}}],"collection":[{"href":"https:\/\/www.acapulcopress.com\/index.php\/wp-json\/wp\/v2\/posts"}],"about":[{"href":"https:\/\/www.acapulcopress.com\/index.php\/wp-json\/wp\/v2\/types\/post"}],"author":[{"embeddable":true,"href":"https:\/\/www.acapulcopress.com\/index.php\/wp-json\/wp\/v2\/users\/2"}],"replies":[{"embeddable":true,"href":"https:\/\/www.acapulcopress.com\/index.php\/wp-json\/wp\/v2\/comments?post=1231528"}],"version-history":[{"count":0,"href":"https:\/\/www.acapulcopress.com\/index.php\/wp-json\/wp\/v2\/posts\/1231528\/revisions"}],"wp:featuredmedia":[{"embeddable":true,"href":"https:\/\/www.acapulcopress.com\/index.php\/wp-json\/"}],"wp:attachment":[{"href":"https:\/\/www.acapulcopress.com\/index.php\/wp-json\/wp\/v2\/media?parent=1231528"}],"wp:term":[{"taxonomy":"category","embeddable":true,"href":"https:\/\/www.acapulcopress.com\/index.php\/wp-json\/wp\/v2\/categories?post=1231528"},{"taxonomy":"post_tag","embeddable":true,"href":"https:\/\/www.acapulcopress.com\/index.php\/wp-json\/wp\/v2\/tags?post=1231528"}],"curies":[{"name":"wp","href":"https:\/\/api.w.org\/{rel}","templated":true}]}}