{"id":1231566,"date":"2021-08-27T08:47:57","date_gmt":"2021-08-27T13:47:57","guid":{"rendered":"https:\/\/www.acapulco.press\/?p=1231566"},"modified":"2021-08-27T08:47:57","modified_gmt":"2021-08-27T13:47:57","slug":"vinculan-a-proceso-a-2-feminicidas-de-tlapa-y-acapulco-y-un-asesino-de-taxco","status":"publish","type":"post","link":"https:\/\/www.acapulcopress.com\/index.php\/2021\/08\/27\/vinculan-a-proceso-a-2-feminicidas-de-tlapa-y-acapulco-y-un-asesino-de-taxco\/","title":{"rendered":"Vinculan a proceso a 2 feminicidas de Tlapa y Acapulco y un asesino de Taxco"},"content":{"rendered":"<div class=\"kvgmc6g5 cxmmr5t8 oygrvhab hcukyx3x c1et5uql ii04i59q\">\n<div dir=\"auto\">\n<p style=\"text-align: justify;\">CHILPANCINGO. * 27 de agosto de 2021.<br \/>\n) <a href=\"https:\/\/fiscaliaguerrero.gob.mx\" target=\"_blank\" rel=\"noopener\">https:\/\/fiscaliaguerrero.gob.mx<\/a><\/p>\n<p style=\"text-align: justify;\">Fiscal\u00eda de Guerrero logr\u00f3 vincular a proceso a Dionicio \u00abN\u00bb, por delito de homicidio calificado; as\u00ed mismo se cumpliment\u00f3 la orden de aprehensi\u00f3n en contra de Lucio \u00abN\u00bb y Marco Antonio \u00abN\u00bb, por homicidio calificado en Acapulco y Taxco respectivamente.<\/p>\n<p style=\"text-align: justify;\">El imputado Dionicio \u00abN\u00bb qued\u00f3 vinculado a proceso por homicidio calificado en agravio de f\u00e9mina, cuando al ir caminando con sus menores hijos la intercept\u00f3 y la priv\u00f3 de la vida con arma de fuego, en Tlapa de Comonfort.<\/p>\n<p style=\"text-align: justify;\">As\u00ed tambi\u00e9n Lucio \u00abN\u00bb fue detenido en cumplimiento a una orden de aprehensi\u00f3n en su contra, en el municipio de Acapulco, por el delito de homicidio calificado en agravio de f\u00e9mina, hechos relacionados con la causa penal 151\/2009-II, siendo puesto a disposici\u00f3n del Juez que lo requiere en el Distrito Judicial de los Bravo.<\/p>\n<p style=\"text-align: justify;\">Por otra parte, en Taxco de Alarc\u00f3n fue detenido Marco Antonio \u00abN\u00bb, acusado del delito de homicidio calificado en agravio de \u00d3scar \u00abN\u00bb, quien fuera privado de la vida en una calle de la ciudad platera, hechos integrados en la carpeta judicial C-108\/2018.<\/p>\n<p style=\"text-align: justify;\">La Fiscal\u00eda General del Estado continuar\u00e1 el trabajo permanente y coordinado en materia de procuraci\u00f3n de justicia para mantener la incidencia delictiva a la baja en Guerrero.<\/p>\n<\/div>\n<\/div>\n","protected":false},"excerpt":{"rendered":"<p>CHILPANCINGO. * 27 de agosto de 2021. ) https:\/\/fiscaliaguerrero.gob.mx Fiscal\u00eda de Guerrero logr\u00f3 vincular a proceso a Dionicio \u00abN\u00bb, por delito de homicidio calificado; as\u00ed mismo se cumpliment\u00f3 la orden de aprehensi\u00f3n en contra de Lucio \u00abN\u00bb y Marco Antonio \u00abN\u00bb, por homicidio calificado en Acapulco y Taxco respectivamente. El imputado Dionicio \u00abN\u00bb qued\u00f3 vinculado&#8230;<\/p>\n","protected":false},"author":2,"featured_media":1231567,"comment_status":"closed","ping_status":"closed","sticky":false,"template":"","format":"standard","meta":{"footnotes":""},"categories":[2005],"tags":[8703,10946,14737],"class_list":["post-1231566","post","type-post","status-publish","format-standard","has-post-thumbnail","hentry","category-seguridad-y-justicia","tag-fiscalia-general-del-estado-de-guerrero-fge","tag-jorge-zuriel-de-los-santos-barrila","tag-policia-ministerial-de-guerrero"],"_links":{"self":[{"href":"https:\/\/www.acapulcopress.com\/index.php\/wp-json\/wp\/v2\/posts\/1231566","targetHints":{"allow":["GET"]}}],"collection":[{"href":"https:\/\/www.acapulcopress.com\/index.php\/wp-json\/wp\/v2\/posts"}],"about":[{"href":"https:\/\/www.acapulcopress.com\/index.php\/wp-json\/wp\/v2\/types\/post"}],"author":[{"embeddable":true,"href":"https:\/\/www.acapulcopress.com\/index.php\/wp-json\/wp\/v2\/users\/2"}],"replies":[{"embeddable":true,"href":"https:\/\/www.acapulcopress.com\/index.php\/wp-json\/wp\/v2\/comments?post=1231566"}],"version-history":[{"count":0,"href":"https:\/\/www.acapulcopress.com\/index.php\/wp-json\/wp\/v2\/posts\/1231566\/revisions"}],"wp:featuredmedia":[{"embeddable":true,"href":"https:\/\/www.acapulcopress.com\/index.php\/wp-json\/"}],"wp:attachment":[{"href":"https:\/\/www.acapulcopress.com\/index.php\/wp-json\/wp\/v2\/media?parent=1231566"}],"wp:term":[{"taxonomy":"category","embeddable":true,"href":"https:\/\/www.acapulcopress.com\/index.php\/wp-json\/wp\/v2\/categories?post=1231566"},{"taxonomy":"post_tag","embeddable":true,"href":"https:\/\/www.acapulcopress.com\/index.php\/wp-json\/wp\/v2\/tags?post=1231566"}],"curies":[{"name":"wp","href":"https:\/\/api.w.org\/{rel}","templated":true}]}}