{"id":1231581,"date":"2021-08-27T17:51:58","date_gmt":"2021-08-27T22:51:58","guid":{"rendered":"https:\/\/www.acapulco.press\/?p=1231581"},"modified":"2021-08-27T17:51:58","modified_gmt":"2021-08-27T22:51:58","slug":"anorve-procedera-legalmente-ante-fgr-por-conversacion-editada-que-lo-desprestigia","status":"publish","type":"post","link":"https:\/\/www.acapulcopress.com\/index.php\/2021\/08\/27\/anorve-procedera-legalmente-ante-fgr-por-conversacion-editada-que-lo-desprestigia\/","title":{"rendered":"A\u00f1orve proceder\u00e1 legalmente ante FGR por conversaci\u00f3n editada que lo desprestigia"},"content":{"rendered":"<p style=\"text-align: justify;\"><strong>COMUNICADO\u00a0<\/strong><\/p>\n<p>El audio de una llamada que circula en redes sociales adem\u00e1s de ser ilegal, est\u00e1 editado, por lo que proceder\u00e9 legalmente ante la Fiscal\u00eda General de la Rep\u00fablica (FGR) contra quien resulte responsable de su intervenci\u00f3n y difusi\u00f3n.<\/p>\n<p>Tal conversaci\u00f3n, ahora editada, ocurri\u00f3 en un momento espec\u00edfico y contexto completamente distinto al que se vivi\u00f3 en la campa\u00f1a, y no revela absolutamente nada que no haya sido del conocimiento p\u00fablico, pues yo mismo aclar\u00e9 que hab\u00eda recibido la invitaci\u00f3n para ser candidato de otros partidos, lo cual no ocurri\u00f3 porque declin\u00e9 amablemente la invitaci\u00f3n y sostengo que la lealtad tiene inmenso valor en pol\u00edtica y siempre he sido leal al PRI y lo he demostrado a lo largo de los a\u00f1os.<\/p>\n<p>Independientemente a esa llamada, mantengo comunicaci\u00f3n y relaciones con diversos actores pol\u00edticos, particularmente con mi amigo, el gobernador H\u00e9ctor Astudillo Flores, a quien le tengo afecto, respeto y con quien tengo una comunicaci\u00f3n permanente desde hace muchos a\u00f1os. Tambi\u00e9n con mi primo y amigo \u00c1ngel Aguirre Rivero; y lo tuve en su momento con el diputado federal, Ren\u00e9 Ju\u00e1rez Cisneros (+), y con nuestro candidato, Mario Moreno Arcos.<\/p>\n<p>Aclarados algunos temas y puntualizados otros, me dediqu\u00e9 a hacer campa\u00f1a de manera comprometida con diversos candidatos a cargos de elecci\u00f3n a diputados federales, locales, presidentes municipales y con el mismo candidato a gobernador del estado.<br \/>\nDej\u00e9 constancia p\u00fablica de lo que afirmo. Nadie puede acusarme de no haber participado de manera decidida y firme en las campa\u00f1as pasadas.<\/p>\n<p>Pero no puedo permitir, ante estas filtraciones editadas en mi contra, quedarme callado. Por eso mismo presentar\u00e9 una denuncia ante la Fiscal\u00eda General de la Rep\u00fablica (FGR) y har\u00e9 un pronunciamiento en el Senado la pr\u00f3xima semana.<\/p>\n<p>Conf\u00edo en que se tengan resultados pronto, porque no es con filtraciones que buscan enrrarecer el ambiente pol\u00edtico como ocurri\u00f3 recientemente, donde fueron involucrados mis amigos, los hermanos Taja Ram\u00edrez -y donde por cierto, tambi\u00e9n me mencionan a m\u00ed y otros actores pol\u00edticos-, como se puede fortalecer, en estos tiempos de cambios institucionales, a la vida p\u00fablica en Guerrero.<\/p>\n<p>La difusi\u00f3n de este audio editado coincide con el hackeo a mi tel\u00e9fono celular registrado hace unos d\u00edas mismo que denunci\u00e9 de manera p\u00fablica.<\/p>\n<p>Quiero que se investigue y se llegue a las \u00faltimas consecuencias porque hay muchas preguntas que se deben responder: \u00bfA qui\u00e9n le convienen estas filtraciones? \u00bfQui\u00e9n o qui\u00e9nes son los beneficiarios? \u00bfCu\u00e1l es el motivo? y sobre todo, \u00bfcu\u00e1l es el objetivo?.<br \/>\nPreguntas que presentar\u00e9 ante la FGR y otras instancias.<\/p>\n<p>Seguir\u00e9 atento al desarrollo de los acontecimientos y les informar\u00e9 de las acciones a seguir en este tema y as\u00ed como de mi intenso trabajo legislativo desde la C\u00e1mara de Senadores a favor de los guerrerenses.<\/p>\n<p><strong>Atentamente:<\/strong><br \/>\nSenador Manuel A\u00f1orve Ba\u00f1os<\/p>\n","protected":false},"excerpt":{"rendered":"<p>COMUNICADO\u00a0 El audio de una llamada que circula en redes sociales adem\u00e1s de ser ilegal, est\u00e1 editado, por lo que proceder\u00e9 legalmente ante la Fiscal\u00eda General de la Rep\u00fablica (FGR) contra quien resulte responsable de su intervenci\u00f3n y difusi\u00f3n. Tal conversaci\u00f3n, ahora editada, ocurri\u00f3 en un momento espec\u00edfico y contexto completamente distinto al que se&#8230;<\/p>\n","protected":false},"author":2,"featured_media":1231582,"comment_status":"closed","ping_status":"closed","sticky":false,"template":"","format":"standard","meta":{"footnotes":""},"categories":[18561,2009],"tags":[3926,8691,9705,12685,15475],"class_list":["post-1231581","post","type-post","status-publish","format-standard","has-post-thumbnail","hentry","category-society-politics","category-politics","tag-angel-aguirre-rivero","tag-fiscalia-general-de-la-republica-fgr","tag-hector-astudillo-flores","tag-mario-moreno-arcos","tag-rene-juarez-cisneros"],"_links":{"self":[{"href":"https:\/\/www.acapulcopress.com\/index.php\/wp-json\/wp\/v2\/posts\/1231581","targetHints":{"allow":["GET"]}}],"collection":[{"href":"https:\/\/www.acapulcopress.com\/index.php\/wp-json\/wp\/v2\/posts"}],"about":[{"href":"https:\/\/www.acapulcopress.com\/index.php\/wp-json\/wp\/v2\/types\/post"}],"author":[{"embeddable":true,"href":"https:\/\/www.acapulcopress.com\/index.php\/wp-json\/wp\/v2\/users\/2"}],"replies":[{"embeddable":true,"href":"https:\/\/www.acapulcopress.com\/index.php\/wp-json\/wp\/v2\/comments?post=1231581"}],"version-history":[{"count":0,"href":"https:\/\/www.acapulcopress.com\/index.php\/wp-json\/wp\/v2\/posts\/1231581\/revisions"}],"wp:featuredmedia":[{"embeddable":true,"href":"https:\/\/www.acapulcopress.com\/index.php\/wp-json\/"}],"wp:attachment":[{"href":"https:\/\/www.acapulcopress.com\/index.php\/wp-json\/wp\/v2\/media?parent=1231581"}],"wp:term":[{"taxonomy":"category","embeddable":true,"href":"https:\/\/www.acapulcopress.com\/index.php\/wp-json\/wp\/v2\/categories?post=1231581"},{"taxonomy":"post_tag","embeddable":true,"href":"https:\/\/www.acapulcopress.com\/index.php\/wp-json\/wp\/v2\/tags?post=1231581"}],"curies":[{"name":"wp","href":"https:\/\/api.w.org\/{rel}","templated":true}]}}