{"id":1231605,"date":"2021-08-31T16:08:52","date_gmt":"2021-08-31T21:08:52","guid":{"rendered":"https:\/\/www.acapulco.press\/?p=1231605"},"modified":"2021-08-31T16:08:52","modified_gmt":"2021-08-31T21:08:52","slug":"norma-otilia-hernandez-sera-excelente-alcaldesa-de-chilpancingo-marcial","status":"publish","type":"post","link":"https:\/\/www.acapulcopress.com\/index.php\/2021\/08\/31\/norma-otilia-hernandez-sera-excelente-alcaldesa-de-chilpancingo-marcial\/","title":{"rendered":"Norma Otilia Hern\u00e1ndez ser\u00e1 excelente alcaldesa de Chilpancingo | Marcial"},"content":{"rendered":"<p>CHILPANCINGO. * 31 de agosto de 2021.<br \/>\n<em>) Comunicado.<\/em><\/p>\n<p style=\"text-align: justify;\">La presidenta electa de Chilpancingo, Norma Otilia Hern\u00e1ndez Mart\u00ednez, y el dirigente estatal de Morena en Guerrero, Marcial Rodr\u00edguez Salda\u00f1a, se reunieron para platicar sobre la implementaci\u00f3n de la Cuarta Transformaci\u00f3n en la capital del Estado.<\/p>\n<p style=\"text-align: justify;\">El l\u00edder morenista, indic\u00f3 que Norma Otilia Hern\u00e1ndez tiene todo el respaldo del partido y conf\u00eda que ser\u00e1 una excelente alcaldesa que habr\u00e1 de engrandecer a Chilpancingo y convertirlo en la capital de la Cuarta Transformaci\u00f3n en Guerrero.<\/p>\n<figure id=\"attachment_1231606\" aria-describedby=\"caption-attachment-1231606\" style=\"width: 805px\" class=\"wp-caption alignnone\"><img loading=\"lazy\" decoding=\"async\" class=\"wp-image-1231606 \" src=\"https:\/\/www.acapulco.press\/wp-content\/uploads\/2021\/08\/OTILINA-HERNANDEZ.jpg\" alt=\"\" width=\"805\" height=\"1228\" \/><figcaption id=\"caption-attachment-1231606\" class=\"wp-caption-text\"><strong>Norma Otilia Hern\u00e1ndez Mart\u00ednez, alcaldesa electa de Chilpancingo, y el Dr. Marcial Rodr\u00edguez Salda\u00f1a, presidente estatal de Morena Guerrero.<\/strong><\/figcaption><\/figure>\n","protected":false},"excerpt":{"rendered":"<p>CHILPANCINGO. * 31 de agosto de 2021. ) Comunicado. La presidenta electa de Chilpancingo, Norma Otilia Hern\u00e1ndez Mart\u00ednez, y el dirigente estatal de Morena en Guerrero, Marcial Rodr\u00edguez Salda\u00f1a, se reunieron para platicar sobre la implementaci\u00f3n de la Cuarta Transformaci\u00f3n en la capital del Estado. El l\u00edder morenista, indic\u00f3 que Norma Otilia Hern\u00e1ndez tiene todo&#8230;<\/p>\n","protected":false},"author":2,"featured_media":1231612,"comment_status":"closed","ping_status":"closed","sticky":false,"template":"","format":"standard","meta":{"footnotes":""},"categories":[18561,2079],"tags":[2086,9291,13305,13744],"class_list":["post-1231605","post","type-post","status-publish","format-standard","has-post-thumbnail","hentry","category-society-politics","category-municipios","tag-cuarta-transformacion-4t","tag-gobierno-de-chilpancingo","tag-morena-guerrero","tag-norma-otilia-hernandez-martinez"],"_links":{"self":[{"href":"https:\/\/www.acapulcopress.com\/index.php\/wp-json\/wp\/v2\/posts\/1231605","targetHints":{"allow":["GET"]}}],"collection":[{"href":"https:\/\/www.acapulcopress.com\/index.php\/wp-json\/wp\/v2\/posts"}],"about":[{"href":"https:\/\/www.acapulcopress.com\/index.php\/wp-json\/wp\/v2\/types\/post"}],"author":[{"embeddable":true,"href":"https:\/\/www.acapulcopress.com\/index.php\/wp-json\/wp\/v2\/users\/2"}],"replies":[{"embeddable":true,"href":"https:\/\/www.acapulcopress.com\/index.php\/wp-json\/wp\/v2\/comments?post=1231605"}],"version-history":[{"count":0,"href":"https:\/\/www.acapulcopress.com\/index.php\/wp-json\/wp\/v2\/posts\/1231605\/revisions"}],"wp:featuredmedia":[{"embeddable":true,"href":"https:\/\/www.acapulcopress.com\/index.php\/wp-json\/"}],"wp:attachment":[{"href":"https:\/\/www.acapulcopress.com\/index.php\/wp-json\/wp\/v2\/media?parent=1231605"}],"wp:term":[{"taxonomy":"category","embeddable":true,"href":"https:\/\/www.acapulcopress.com\/index.php\/wp-json\/wp\/v2\/categories?post=1231605"},{"taxonomy":"post_tag","embeddable":true,"href":"https:\/\/www.acapulcopress.com\/index.php\/wp-json\/wp\/v2\/tags?post=1231605"}],"curies":[{"name":"wp","href":"https:\/\/api.w.org\/{rel}","templated":true}]}}