{"id":1231614,"date":"2021-08-31T16:42:02","date_gmt":"2021-08-31T21:42:02","guid":{"rendered":"https:\/\/www.acapulco.press\/?p=1231614"},"modified":"2021-08-31T16:42:02","modified_gmt":"2021-08-31T21:42:02","slug":"cumplimentan-orden-de-aprehension-contra-violador-de-zihuatanejo","status":"publish","type":"post","link":"https:\/\/www.acapulcopress.com\/index.php\/2021\/08\/31\/cumplimentan-orden-de-aprehension-contra-violador-de-zihuatanejo\/","title":{"rendered":"Cumplimentan orden de aprehensi\u00f3n contra violador de Zihuatanejo"},"content":{"rendered":"<p style=\"text-align: justify;\">CHILPANCINGO. * 31 de agosto de 2021.<br \/>\n) <em><a href=\"https:\/\/fiscaliaguerrero.gob.mx\" target=\"_blank\" rel=\"noopener\">https:\/\/fiscaliaguerrero.gob.mx<\/a>.<br \/>\n<\/em><br \/>\nAgentes ministeriales adscritos en Zihuatanejo de Azueta, regi\u00f3n Costa Grande, dieron cumplimiento a la orden de aprehensi\u00f3n en contra de Elvis \u00abN\u00bb, detenido como probable responsable del delito de violaci\u00f3n equiparada con agravante.<\/p>\n<p style=\"text-align: justify;\">La detenci\u00f3n ocurri\u00f3 en la colonia Agua de Correa acusado de cometer el delito en agravio de su menor hija en el domicilio que ambos habitaban, hechos en la carpeta judicial C-258\/2021.<\/p>\n<p style=\"text-align: justify;\">El imputado qued\u00f3 a disposici\u00f3n del Juez de Control y Enjuiciamiento penal en Zihuatanejo, en espera de la audiencia inicial.<\/p>\n<p style=\"text-align: justify;\">La Fiscal\u00eda General del Estado continuar\u00e1 investigando los delitos del fuero com\u00fan y con especial seguimiento los cometidos en temas de igualdad de g\u00e9nero y menores de edad en el estado de Guerrero.<\/p>\n","protected":false},"excerpt":{"rendered":"<p>CHILPANCINGO. * 31 de agosto de 2021. ) https:\/\/fiscaliaguerrero.gob.mx. Agentes ministeriales adscritos en Zihuatanejo de Azueta, regi\u00f3n Costa Grande, dieron cumplimiento a la orden de aprehensi\u00f3n en contra de Elvis \u00abN\u00bb, detenido como probable responsable del delito de violaci\u00f3n equiparada con agravante. La detenci\u00f3n ocurri\u00f3 en la colonia Agua de Correa acusado de cometer el&#8230;<\/p>\n","protected":false},"author":2,"featured_media":1231615,"comment_status":"closed","ping_status":"closed","sticky":false,"template":"","format":"standard","meta":{"footnotes":""},"categories":[1969,2005],"tags":[8703,10946,14737],"class_list":["post-1231614","post","type-post","status-publish","format-standard","has-post-thumbnail","hentry","category-trending","category-seguridad-y-justicia","tag-fiscalia-general-del-estado-de-guerrero-fge","tag-jorge-zuriel-de-los-santos-barrila","tag-policia-ministerial-de-guerrero"],"_links":{"self":[{"href":"https:\/\/www.acapulcopress.com\/index.php\/wp-json\/wp\/v2\/posts\/1231614","targetHints":{"allow":["GET"]}}],"collection":[{"href":"https:\/\/www.acapulcopress.com\/index.php\/wp-json\/wp\/v2\/posts"}],"about":[{"href":"https:\/\/www.acapulcopress.com\/index.php\/wp-json\/wp\/v2\/types\/post"}],"author":[{"embeddable":true,"href":"https:\/\/www.acapulcopress.com\/index.php\/wp-json\/wp\/v2\/users\/2"}],"replies":[{"embeddable":true,"href":"https:\/\/www.acapulcopress.com\/index.php\/wp-json\/wp\/v2\/comments?post=1231614"}],"version-history":[{"count":0,"href":"https:\/\/www.acapulcopress.com\/index.php\/wp-json\/wp\/v2\/posts\/1231614\/revisions"}],"wp:featuredmedia":[{"embeddable":true,"href":"https:\/\/www.acapulcopress.com\/index.php\/wp-json\/"}],"wp:attachment":[{"href":"https:\/\/www.acapulcopress.com\/index.php\/wp-json\/wp\/v2\/media?parent=1231614"}],"wp:term":[{"taxonomy":"category","embeddable":true,"href":"https:\/\/www.acapulcopress.com\/index.php\/wp-json\/wp\/v2\/categories?post=1231614"},{"taxonomy":"post_tag","embeddable":true,"href":"https:\/\/www.acapulcopress.com\/index.php\/wp-json\/wp\/v2\/tags?post=1231614"}],"curies":[{"name":"wp","href":"https:\/\/api.w.org\/{rel}","templated":true}]}}