{"id":1231630,"date":"2021-08-31T17:58:16","date_gmt":"2021-08-31T22:58:16","guid":{"rendered":"https:\/\/www.acapulco.press\/?p=1231630"},"modified":"2021-08-31T17:58:16","modified_gmt":"2021-08-31T22:58:16","slug":"pan-y-prd-exigen-renuncia-de-marti-batres-al-gobierno-de-cdmx","status":"publish","type":"post","link":"https:\/\/www.acapulcopress.com\/index.php\/2021\/08\/31\/pan-y-prd-exigen-renuncia-de-marti-batres-al-gobierno-de-cdmx\/","title":{"rendered":"PAN y PRD exigen renuncia de Mart\u00ed Batres al Gobierno de CdMx"},"content":{"rendered":"<p style=\"text-align: justify;\">CIDAD DE M\u00c9XICO. * 31 de agosto de 2021.<br \/>\n) Comunicados.<\/p>\n<p style=\"text-align: justify;\">El Presidente de Acci\u00f3n Nacional, Marko Cort\u00e9s Mendoza, expres\u00f3 su solidaridad a los alcaldes electos de oposici\u00f3n que ayer fueron agredidos por polic\u00edas de la ciudad de M\u00e9xico y exigi\u00f3 a la Jefe de Gobierno una disculpa p\u00fablica y la renuncia del Secretario de Gobierno, quien orden\u00f3 el operativo policiaco.<\/p>\n<p style=\"text-align: justify;\">\u201cMart\u00ed Batres, ya tuvo su debut, tendr\u00eda que tener su despedida. Como Dirigente nacional del PAN yo le exijo a Claudia Sheinbaum una disculpa p\u00fablica y la renuncia del represor Mart\u00ed Batres, no puede ocurrir, no puede ser, porque la agresi\u00f3n contra L\u00eda Lim\u00f3n, contra nuestros alcaldes y alcaldesas, es la agresi\u00f3n contra los citadinos que votaron por ellos\u201d, demand\u00f3.<\/p>\n<p style=\"text-align: justify;\">En rueda de prensa para acompa\u00f1ar a los alcaldes agredidos, Cort\u00e9s Mendoza dijo que los hechos de ayer son absolutamente inaceptables y lament\u00f3 que la Jefa de Gobierno, Claudia Sheinbaum, vaya literalmente de mal en peor, porque no est\u00e1 gobernando, sino busca debilitar a las y los alcaldes electos.<\/p>\n<p style=\"text-align: justify;\">Est\u00e1 buscando, asegur\u00f3, concentrar el poder, siguiendo el ejemplo del Presidente de la Rep\u00fablica y vulnerando la voluntad de los ciudadanos que votaron por la oposici\u00f3n en 9 alcald\u00edas de la capital del pa\u00eds.<\/p>\n<p style=\"text-align: justify;\">\u201cEste operativo no tuvo que agredir, no tuvo que violentar y lo que estaban buscando era simple, evitar un albazo de \u00faltimo momento para concentrar m\u00e1s el poder de la Ciudad de M\u00e9xico, el detrimento de las alcald\u00edas, por eso vengo a expresar mi respaldo, mi solidaridad, a todas las alcaldesas, a todos los alcaldes\u201d, agreg\u00f3.<\/p>\n<p style=\"text-align: justify;\">El Presidente del PAN se\u00f1al\u00f3 que, ante estos hechos, tenemos que levantar la voz, tomarnos de la mano y exigir todos juntos que esta ciudad habl\u00f3 el 6 de junio y reprob\u00f3 el ejercicio del gobierno capitalino, y que esta ciudad puso alcaldesas y alcaldes al mando que deben ser escuchados y tomados en cuenta.<\/p>\n<p style=\"text-align: justify;\"><strong>PRD EXIGE DISCULPA P\u00daBLICA DE SHEINBAUM<\/strong><\/p>\n<p style=\"text-align: justify;\">\u201cEl desagravio real, completo e inmediato debiera ser que la jefa de Gobierno salga cuanto antes a expresar p\u00fablicamente, adem\u00e1s de la disculpa, la disposici\u00f3n a un di\u00e1logo inmediato con alcaldesas y alcaldes de la oposici\u00f3n. As\u00ed se ver\u00eda en los hechos que se est\u00e1 actuando en congruencia, en democracia y respeto a las decisiones soberanas de la gente\u201d, asegur\u00f3 Jes\u00fas Zambrano Grijalva, Presidente Nacional del Partido de la Revoluci\u00f3n Democr\u00e1tica (PRD), en una conferencia conjunta con alcaldes y alcaldesas de oposici\u00f3n de la Ciudad de M\u00e9xico.<\/p>\n<p style=\"text-align: justify;\">El d\u00eda de ayer, elementos de la polic\u00eda capitalina agredieron a miembros de la Uni\u00f3n del Alcald\u00edas de la Ciudad de M\u00e9xico (UNA CDMX), quienes se dirig\u00edan pac\u00edficamente al Congreso de la Ciudad de M\u00e9xico para dialogar con las y los diputados de la Legislatura saliente. No obstante, al acercarse al recinto, el cuerpo policiaco afirm\u00f3 que eran \u201c\u00f3rdenes de arriba\u201d; tras la insistencia de las y los alcaldes para ingresar, fueron golpeados.<\/p>\n<p style=\"text-align: justify;\">\u201c\u00bfRecuerdan cu\u00e1l fue uno de los primer\u00edsimos actos de gobierno de Sheinbaum? Anunci\u00f3 la desaparici\u00f3n del cuerpo de granaderos porque dijo que \u201cjam\u00e1s se volver\u00edan a repetir esos hechos\u201d. Ayer ellos los encabezaron porque la polic\u00eda no se manda sola, menos para actuar contra alcaldes y alcaldesas electos; Mart\u00ed Batres se quit\u00f3 la m\u00e1scara y actu\u00f3 como lo que es: un porro pol\u00edtico, un porro simple y sencillamente\u201d, subray\u00f3.<\/p>\n<p style=\"text-align: justify;\">En conferencia de prensa en la que tambi\u00e9n estuvo presente su hom\u00f3logo del PAN, Marko Cort\u00e9s, Zambrano Grijalva asever\u00f3 que la represi\u00f3n policiaca ocurrida el d\u00eda de ayer representa una regresi\u00f3n democr\u00e1tica de 50 a\u00f1os, ya que en ese entonces se vivi\u00f3 la Matanza del Jueves de Corpus, tambi\u00e9n conocida como \u201cEl Halconazo\u201d: \u201cim\u00e1genes del d\u00eda de ayer me recordaron de manera inmediata los hechos del 10 de junio de 1971 con los granaderos deteniendo una manifestaci\u00f3n y golpeando y masacrando. Eso ocurri\u00f3 hace 50 a\u00f1os; en un d\u00eda como ayer, la vida pol\u00edtica de la capital del pa\u00eds regres\u00f3 50 a\u00f1os en la historia\u201d, asegur\u00f3.<\/p>\n<p style=\"text-align: justify;\">\u201cEstamos para expresar nuestra plena y absoluta solidaridad: no est\u00e1n solos y vamos a continuar caminando de la mano\u201d, sentenci\u00f3. En este sentido, destac\u00f3 que im\u00e1genes como las de ayer no pueden ni deben volver a repetirse, por lo que es urgente que el gobierno de Claudia Sheinbaum se abra al di\u00e1logo y cumpla con su responsabilidad constitucional.<\/p>\n<p style=\"text-align: justify;\">En la conferencia de prensa estuvieron presentes las y los alcaldes electos L\u00eda Lim\u00f3n, Sandra Cuevas, Alfa Gonz\u00e1lez, Giovani Guti\u00e9rrez, Margarita Salda\u00f1a, Santiago Taboada, Mauricio Tabe; el coordinador de la bancada del Grupo Parlamentario del PRD de la LXV Legislatura, Luis E. Ch\u00e1zaro; del PAN, Jorge Romero y por la Direcci\u00f3n Nacional Ejecutiva del PRD, Estephany Santiago, Secretaria de Comunicaci\u00f3n Pol\u00edtica. As\u00ed como concejales, diputadas y diputados locales y federales electos.<\/p>\n","protected":false},"excerpt":{"rendered":"<p>CIDAD DE M\u00c9XICO. * 31 de agosto de 2021. ) Comunicados. El Presidente de Acci\u00f3n Nacional, Marko Cort\u00e9s Mendoza, expres\u00f3 su solidaridad a los alcaldes electos de oposici\u00f3n que ayer fueron agredidos por polic\u00edas de la ciudad de M\u00e9xico y exigi\u00f3 a la Jefe de Gobierno una disculpa p\u00fablica y la renuncia del Secretario de&#8230;<\/p>\n","protected":false},"author":2,"featured_media":1231631,"comment_status":"closed","ping_status":"closed","sticky":false,"template":"","format":"standard","meta":{"footnotes":""},"categories":[1972,18561,2009],"tags":[5851,9306,10764,12720,12746,14269,14277],"class_list":["post-1231630","post","type-post","status-publish","format-standard","has-post-thumbnail","hentry","category-special","category-society-politics","category-politics","tag-claudia-sheinbaum","tag-gobierno-de-la-ciudad-de-mexico","tag-jesus-zambrano-grijalva","tag-marko-cortes-mendoza","tag-marti-batres","tag-partido-accion-nacional-pan","tag-partido-de-la-revolucion-democratica-prd"],"_links":{"self":[{"href":"https:\/\/www.acapulcopress.com\/index.php\/wp-json\/wp\/v2\/posts\/1231630","targetHints":{"allow":["GET"]}}],"collection":[{"href":"https:\/\/www.acapulcopress.com\/index.php\/wp-json\/wp\/v2\/posts"}],"about":[{"href":"https:\/\/www.acapulcopress.com\/index.php\/wp-json\/wp\/v2\/types\/post"}],"author":[{"embeddable":true,"href":"https:\/\/www.acapulcopress.com\/index.php\/wp-json\/wp\/v2\/users\/2"}],"replies":[{"embeddable":true,"href":"https:\/\/www.acapulcopress.com\/index.php\/wp-json\/wp\/v2\/comments?post=1231630"}],"version-history":[{"count":0,"href":"https:\/\/www.acapulcopress.com\/index.php\/wp-json\/wp\/v2\/posts\/1231630\/revisions"}],"wp:featuredmedia":[{"embeddable":true,"href":"https:\/\/www.acapulcopress.com\/index.php\/wp-json\/"}],"wp:attachment":[{"href":"https:\/\/www.acapulcopress.com\/index.php\/wp-json\/wp\/v2\/media?parent=1231630"}],"wp:term":[{"taxonomy":"category","embeddable":true,"href":"https:\/\/www.acapulcopress.com\/index.php\/wp-json\/wp\/v2\/categories?post=1231630"},{"taxonomy":"post_tag","embeddable":true,"href":"https:\/\/www.acapulcopress.com\/index.php\/wp-json\/wp\/v2\/tags?post=1231630"}],"curies":[{"name":"wp","href":"https:\/\/api.w.org\/{rel}","templated":true}]}}