{"id":1231636,"date":"2021-08-31T18:50:01","date_gmt":"2021-08-31T23:50:01","guid":{"rendered":"https:\/\/www.acapulco.press\/?p=1231636"},"modified":"2021-08-31T18:50:01","modified_gmt":"2021-08-31T23:50:01","slug":"mexico-supero-300-medallas-en-su-historia-en-juegos-paralimpicos","status":"publish","type":"post","link":"https:\/\/www.acapulcopress.com\/index.php\/2021\/08\/31\/mexico-supero-300-medallas-en-su-historia-en-juegos-paralimpicos\/","title":{"rendered":"M\u00e9xico super\u00f3 300 medallas en su historia en Juegos Paral\u00edmpicos"},"content":{"rendered":"<p style=\"text-align: justify;\">\nTOKYO. * 31 de agosto de 2021.<br \/>\n<em>) Conade.<\/em><\/p>\n<figure id=\"attachment_1231638\" aria-describedby=\"caption-attachment-1231638\" style=\"width: 375px\" class=\"wp-caption alignleft\"><img loading=\"lazy\" decoding=\"async\" class=\"wp-image-1231638 size-medium\" src=\"https:\/\/www.acapulco.press\/wp-content\/uploads\/2021\/08\/JESUS-HERNANDES-375x287.jpeg\" alt=\"\" width=\"375\" height=\"287\" \/><figcaption id=\"caption-attachment-1231638\" class=\"wp-caption-text\"><strong>Arnulfo Castorena V\u00e9lez.<\/strong><\/figcaption><\/figure>\n<p style=\"text-align: justify;\">Con una medalla de oro y dos de bronce, por parte de Arnulfo Castorena V\u00e9lez, Jes\u00fas Hern\u00e1ndez Hern\u00e1ndez y Nely Miranda Herrera, en el s\u00e9ptimo d\u00eda de actividades de la para nataci\u00f3n, M\u00e9xico super\u00f3 las 300 medallas en su historia en Juegos Paral\u00edmpicos, en Tokio 2020.<\/p>\n<p style=\"text-align: justify;\">En la primera final de la jornada para el pa\u00eds, los 50 metros pecho, categor\u00eda SB2, Castorena V\u00e9lez se adjudic\u00f3 el oro, con tiempo de 59 segundos y 25 cent\u00e9simas, mientras que, Hern\u00e1ndez Hern\u00e1ndez, con tiempo de 1:02.27, se llev\u00f3 el bronce, metal que signific\u00f3 el n\u00famero 300 en la cuenta hist\u00f3rica del pa\u00eds en la justa veraniega.<\/p>\n<p style=\"text-align: justify;\">Con esta presea, Arnulfo Castorena lleg\u00f3 a seis medallas paral\u00edmpicas en su palmar\u00e9s: oro en S\u00eddney 2000, oro plata y bronce en Atenas 2004, plata en Londres 2012 y oro en Tokio 2020.<\/p>\n<p style=\"text-align: justify;\">\u00abEstoy muy contento, feliz por obtener est\u00e1 medalla, pasaron varios a\u00f1os para estar nuevamente en el podio y gracias a Dios se logr\u00f3.<\/p>\n<p style=\"text-align: justify;\">\u00abNos vamos contentos y satisfechos, a pesar de mis 43 a\u00f1os de edad todav\u00eda me siento fuerte y hay que seguir trabajando, echarle ganas para lograr la clasificaci\u00f3n a Par\u00eds 2024 y tener mis s\u00e9ptimos Juegos Paral\u00edmpicos\u00bb, destac\u00f3 el trit\u00f3n en entrevista con la Comisi\u00f3n Nacional de Cultura F\u00edsica y Deporte (Conade).<\/p>\n<p style=\"text-align: justify;\">Por su parte, Jes\u00fas Hern\u00e1ndez, quien se convirti\u00f3 en el primer mexicano en colgarse dos preseas en Tokio 2020, asegur\u00f3 que este resultado tiene un significado especial.<\/p>\n<p style=\"text-align: justify;\">\u00abEs algo extraordinario para m\u00ed, me siento como el <em>ave f\u00e9nix<\/em> que renace de sus cenizas, porque tuve c\u00e1ncer y cuando todos creyeron que no podr\u00eda salir adelante, ah\u00ed estuve; adem\u00e1s, esta medalla de bronce simboliza un gran reto para m\u00ed, es una prueba en la que he dominado mis miedos\u00bb, coment\u00f3.<\/p>\n<figure id=\"attachment_1231640\" aria-describedby=\"caption-attachment-1231640\" style=\"width: 375px\" class=\"wp-caption alignleft\"><img loading=\"lazy\" decoding=\"async\" class=\"wp-image-1231640 size-medium\" src=\"https:\/\/www.acapulco.press\/wp-content\/uploads\/2021\/08\/nELI-mIRANDA-375x250.jpeg\" alt=\"\" width=\"375\" height=\"250\" \/><figcaption id=\"caption-attachment-1231640\" class=\"wp-caption-text\"><strong>Nely Miranda Herrera.<\/strong><\/figcaption><\/figure>\n<p style=\"text-align: justify;\">Para cerrar la jornada, la representante de Veracruz, Nely Miranda, se colg\u00f3 la presea de bronce, en la final de 50 metros pecho SB3, con un tiempo de 1:01.60.<\/p>\n<p style=\"text-align: justify;\">Con este podio, Miranda Herrera lleg\u00f3 a cuatro medallas paral\u00edmpicas, tras sus dos oros en Beijing 2008, bronce en R\u00edo 2016 y ahora bronce en Tokio 2020.<\/p>\n<p style=\"text-align: justify;\">\u00abEstoy s\u00faper contenta, emocionada de estar de regreso con esta medalla para M\u00e9xico. En R\u00edo 2016 me descalificaron en esta prueba, as\u00ed que \u00e9sta fue mi revancha, logramos esta medalla para M\u00e9xico de bronce, pero que sabe a oro\u00bb, puntualiz\u00f3.<\/p>\n","protected":false},"excerpt":{"rendered":"<p>TOKYO. * 31 de agosto de 2021. ) Conade. Con una medalla de oro y dos de bronce, por parte de Arnulfo Castorena V\u00e9lez, Jes\u00fas Hern\u00e1ndez Hern\u00e1ndez y Nely Miranda Herrera, en el s\u00e9ptimo d\u00eda de actividades de la para nataci\u00f3n, M\u00e9xico super\u00f3 las 300 medallas en su historia en Juegos Paral\u00edmpicos, en Tokio 2020&#8230;.<\/p>\n","protected":false},"author":2,"featured_media":1231637,"comment_status":"closed","ping_status":"closed","sticky":false,"template":"","format":"standard","meta":{"footnotes":""},"categories":[1972,1988,18566],"tags":[4150,10731,13607,14230],"class_list":["post-1231636","post","type-post","status-publish","format-standard","has-post-thumbnail","hentry","category-special","category-lifestyles","category-sports-lifestyles","tag-arnulfo-castorena-velez","tag-jesus-hernandez-hernandez","tag-nely-miranda-herrera","tag-paralimpicos-tokio-2020"],"_links":{"self":[{"href":"https:\/\/www.acapulcopress.com\/index.php\/wp-json\/wp\/v2\/posts\/1231636","targetHints":{"allow":["GET"]}}],"collection":[{"href":"https:\/\/www.acapulcopress.com\/index.php\/wp-json\/wp\/v2\/posts"}],"about":[{"href":"https:\/\/www.acapulcopress.com\/index.php\/wp-json\/wp\/v2\/types\/post"}],"author":[{"embeddable":true,"href":"https:\/\/www.acapulcopress.com\/index.php\/wp-json\/wp\/v2\/users\/2"}],"replies":[{"embeddable":true,"href":"https:\/\/www.acapulcopress.com\/index.php\/wp-json\/wp\/v2\/comments?post=1231636"}],"version-history":[{"count":0,"href":"https:\/\/www.acapulcopress.com\/index.php\/wp-json\/wp\/v2\/posts\/1231636\/revisions"}],"wp:featuredmedia":[{"embeddable":true,"href":"https:\/\/www.acapulcopress.com\/index.php\/wp-json\/"}],"wp:attachment":[{"href":"https:\/\/www.acapulcopress.com\/index.php\/wp-json\/wp\/v2\/media?parent=1231636"}],"wp:term":[{"taxonomy":"category","embeddable":true,"href":"https:\/\/www.acapulcopress.com\/index.php\/wp-json\/wp\/v2\/categories?post=1231636"},{"taxonomy":"post_tag","embeddable":true,"href":"https:\/\/www.acapulcopress.com\/index.php\/wp-json\/wp\/v2\/tags?post=1231636"}],"curies":[{"name":"wp","href":"https:\/\/api.w.org\/{rel}","templated":true}]}}