{"id":1231683,"date":"2021-09-01T19:49:54","date_gmt":"2021-09-02T00:49:54","guid":{"rendered":"https:\/\/www.acapulco.press\/?p=1231683"},"modified":"2021-09-01T19:49:54","modified_gmt":"2021-09-02T00:49:54","slug":"policia-ministerial-captura-dos-ladrones-uno-en-atoyac-y-otro-en-acapulco","status":"publish","type":"post","link":"https:\/\/www.acapulcopress.com\/index.php\/2021\/09\/01\/policia-ministerial-captura-dos-ladrones-uno-en-atoyac-y-otro-en-acapulco\/","title":{"rendered":"Polic\u00eda Ministerial captura dos ladrones; uno en Atoyac y otro en Acapulco"},"content":{"rendered":"<p>CHILPANCINGO. * 1 de septiembre de 2021.<br \/>\n<em>) <a href=\"https:\/\/fiscaliaguerrero.gob.mx\" target=\"_blank\" rel=\"noopener\">https:\/\/fiscaliaguerrero.gob.mx<\/a><\/em><\/p>\n<p style=\"text-align: justify;\"><img loading=\"lazy\" decoding=\"async\" class=\"alignleft size-medium wp-image-1231685\" src=\"https:\/\/www.acapulco.press\/wp-content\/uploads\/2021\/09\/fge-javier-robo-375x363.jpg\" alt=\"\" width=\"375\" height=\"363\" \/>Fiscal\u00eda de Guerrero a trav\u00e9s de la Polic\u00eda Investigadora Ministerial de Costa Chica dio cumplimiento a la orden de reaprehensi\u00f3n en contra de quien dijo llamarse Alejandro \u00abN\u00bb, detenido como probable responsable del delito de robo calificado en agravio de Brisio \u00abN\u00bb, hechos en la causa penal 319\/2009-I quedando a disposici\u00f3n del Juez de Primera Instancia Penal del Distrito Judicial de \u00c1lvarez.<\/p>\n<p style=\"text-align: justify;\">Fiscal\u00eda de Guerrero a trav\u00e9s de la Polic\u00eda Investigadora Ministerial de Acapulco, sector Zapata, dio cumplimiento a la orden de aprehensi\u00f3n en contra de Javier \u00abN\u00bb, detenido como probable responsable del delito de robo en agravio de Ces\u00e1reo \u00abN\u00bb, hechos en la causa penal 185\/2008-II-3, quedando a disposici\u00f3n del Juez Primero de Primera Instancia Penal del Distrito Judicial de los Bravo.<\/p>\n","protected":false},"excerpt":{"rendered":"<p>CHILPANCINGO. * 1 de septiembre de 2021. ) https:\/\/fiscaliaguerrero.gob.mx Fiscal\u00eda de Guerrero a trav\u00e9s de la Polic\u00eda Investigadora Ministerial de Costa Chica dio cumplimiento a la orden de reaprehensi\u00f3n en contra de quien dijo llamarse Alejandro \u00abN\u00bb, detenido como probable responsable del delito de robo calificado en agravio de Brisio \u00abN\u00bb, hechos en la causa&#8230;<\/p>\n","protected":false},"author":2,"featured_media":1231684,"comment_status":"closed","ping_status":"closed","sticky":false,"template":"","format":"standard","meta":{"footnotes":""},"categories":[1969,2005],"tags":[8703,10946,14737],"class_list":["post-1231683","post","type-post","status-publish","format-standard","has-post-thumbnail","hentry","category-trending","category-seguridad-y-justicia","tag-fiscalia-general-del-estado-de-guerrero-fge","tag-jorge-zuriel-de-los-santos-barrila","tag-policia-ministerial-de-guerrero"],"_links":{"self":[{"href":"https:\/\/www.acapulcopress.com\/index.php\/wp-json\/wp\/v2\/posts\/1231683","targetHints":{"allow":["GET"]}}],"collection":[{"href":"https:\/\/www.acapulcopress.com\/index.php\/wp-json\/wp\/v2\/posts"}],"about":[{"href":"https:\/\/www.acapulcopress.com\/index.php\/wp-json\/wp\/v2\/types\/post"}],"author":[{"embeddable":true,"href":"https:\/\/www.acapulcopress.com\/index.php\/wp-json\/wp\/v2\/users\/2"}],"replies":[{"embeddable":true,"href":"https:\/\/www.acapulcopress.com\/index.php\/wp-json\/wp\/v2\/comments?post=1231683"}],"version-history":[{"count":0,"href":"https:\/\/www.acapulcopress.com\/index.php\/wp-json\/wp\/v2\/posts\/1231683\/revisions"}],"wp:featuredmedia":[{"embeddable":true,"href":"https:\/\/www.acapulcopress.com\/index.php\/wp-json\/"}],"wp:attachment":[{"href":"https:\/\/www.acapulcopress.com\/index.php\/wp-json\/wp\/v2\/media?parent=1231683"}],"wp:term":[{"taxonomy":"category","embeddable":true,"href":"https:\/\/www.acapulcopress.com\/index.php\/wp-json\/wp\/v2\/categories?post=1231683"},{"taxonomy":"post_tag","embeddable":true,"href":"https:\/\/www.acapulcopress.com\/index.php\/wp-json\/wp\/v2\/tags?post=1231683"}],"curies":[{"name":"wp","href":"https:\/\/api.w.org\/{rel}","templated":true}]}}