{"id":1231690,"date":"2021-09-01T20:04:17","date_gmt":"2021-09-02T01:04:17","guid":{"rendered":"https:\/\/www.acapulco.press\/?p=1231690"},"modified":"2021-09-01T20:04:17","modified_gmt":"2021-09-02T01:04:17","slug":"rocio-estrada-ortega-firme-aspirante-a-fiscal-de-guerrero","status":"publish","type":"post","link":"https:\/\/www.acapulcopress.com\/index.php\/2021\/09\/01\/rocio-estrada-ortega-firme-aspirante-a-fiscal-de-guerrero\/","title":{"rendered":"Roc\u00edo Estrada Ortega, firme aspirante a fiscal de Guerrero"},"content":{"rendered":"<p style=\"text-align: justify;\"><em>Tercera V\u00eda<\/em><br \/>\n\u00bb <strong>Ernesto Rivera Rodr\u00edguez<\/strong><br \/>\n<em>) Acapulco.press<\/em><\/p>\n<p style=\"text-align: justify;\">\u00abNo habr\u00e1 justicia y paz en Guerrero, si esta no es llevada a los hogares, escuelas y a cada rinc\u00f3n d\u00f3nde se encuentren nuestros hermanos, ind\u00edgenas y afroguerrerenses\u00bb.<\/p>\n<p style=\"text-align: justify;\">Expres\u00f3 la mujer que alguna vez contendi\u00f3 para ser procuradora del estado, hoy Fiscal\u00eda, jurista de origen campesino, de padre campesino y madre bur\u00f3crata del sector salud, Maria del Roc\u00edo Estrada Ortega, con inigualable curr\u00edculum y su amplia experiencia es una firme aspirante a dirigir la Fiscal\u00eda General de Guerrero, en el nuevo gobierno, que presidir\u00e1 por primera vez una mujer, Evelyn Salgado Pineda, que en \u00e9sta 4a Transformaci\u00f3n a manifestado que su gobierno ser\u00e1 de hombres y mujeres, y \u00abme ha llamado la atenci\u00f3n una mujer que en alguna vez a pretendido serlo\u00bb, expres\u00f3 en una entrevista.<\/p>\n<p style=\"text-align: justify;\">La doctora Estrada Ortega, cuenta con una amplia experiencia en la administraci\u00f3n p\u00fablica, particularmente en el \u00e1rea jur\u00eddica donde a aplicado los m\u00e1s modernos m\u00e9todos y t\u00e9cnicas en el sistema procesal oral acusatorio en juicios orales y administraci\u00f3n p\u00fablica. En su paso por Guerrero, fue Comisionada de la PGR para investigar el primer hecho violento de narco tr\u00e1fico sucedido en un paraje de Iguala de la Independencia, llamado \u00abLas Antenas\u00bb.<\/p>\n<p style=\"text-align: justify;\">Pesquisas que llevaron a la c\u00e1rcel a varios delincuentes entre ellos al aguerrido Pedro Pablo Uriostegui, quien estuvo recluido en el Penal del Altiplano y m\u00e1s tarde en el Reclusorio Norte, en el extinto Distrito Federal hoy CDMX. Originaria de Tetipac, en la zona norte del estado, hoy cumple funciones como Sindica, de ese H. Ayuntamiento, designada por el Congreso del Estado, del 7 de Octubre de 2020 al 28 de Septiembre del 2021.<\/p>\n<p style=\"text-align: justify;\">En su paso por la Procuradur\u00eda del Estado, c\u00f3mo Directora de Averiguaciones Previas, logr\u00f3 el mejoramiento de los sueldos, a los Trabajadores, llev\u00f3 a cabo la remodelaci\u00f3n de varias Agencias del Ministerio P\u00fablico, con el apoyo de autoridades Municipal impuls\u00f3 la capacitaci\u00f3n de Polic\u00edas Judiciales y propuso en 1994 que la ahora Polic\u00eda Ministerial, llevar\u00e1 el nombre de \u00abPolic\u00eda Investigadora\u00bb. Por ella el estado en el a\u00f1o 2000, le gan\u00f3 un juicio fiscal al IMSS, sobre el 2% sobre N\u00f3minas, el monto del juicio a favor del erario de Guerrero fue superior a 2 mil millones de pesos.<\/p>\n<p style=\"text-align: justify;\">Mujer aguerrida y solitaria regres\u00f3 a las aulas en la UNAM obteniendo la Maestr\u00eda en Juicios Orales, y m\u00e1s tarde el Doctorado en Derecho, esto en el Instituto Internacional del Derecho y del Estado.<\/p>\n<p style=\"text-align: justify;\">La Fiscal\u00eda de Guerrero es un reto, a la cual busca acceder la Doctora Mar\u00eda del Roc\u00edo Estrada Ortega, la Procuraci\u00f3n de la Justicia, como la confianza en la opini\u00f3n p\u00fablica y la profesionalizaci\u00f3n de sus cuadros, punta del iceberg por la alta exigencia de esclarecer los miles y miles de casos que han ca\u00eddo en el sue\u00f1o de los justos, cuando es m\u00e1s que una injusticia que est\u00e9n sin resolver, en momentos en que se juega no solo el cambio de estafeta, sino la exigencia de una aplicaci\u00f3n de la Procuraci\u00f3n de la Justicia en el nuevo modelo pol\u00edtico nacional, que deber\u00e1 ser aplicado irrestrictamente en el estado de Guerrero.<\/p>\n","protected":false},"excerpt":{"rendered":"<p>Tercera V\u00eda \u00bb Ernesto Rivera Rodr\u00edguez ) Acapulco.press \u00abNo habr\u00e1 justicia y paz en Guerrero, si esta no es llevada a los hogares, escuelas y a cada rinc\u00f3n d\u00f3nde se encuentren nuestros hermanos, ind\u00edgenas y afroguerrerenses\u00bb. Expres\u00f3 la mujer que alguna vez contendi\u00f3 para ser procuradora del estado, hoy Fiscal\u00eda, jurista de origen campesino, de&#8230;<\/p>\n","protected":false},"author":2,"featured_media":1231692,"comment_status":"closed","ping_status":"closed","sticky":false,"template":"","format":"standard","meta":{"footnotes":""},"categories":[2071,1991],"tags":[4773,8681],"class_list":["post-1231690","post","type-post","status-publish","format-standard","has-post-thumbnail","hentry","category-opinion-analisis-columnas","category-libertad-de-expresion","tag-blanca-maria-del-rocio-estrada-ortega","tag-fiscalia-general-de-guerrero"],"_links":{"self":[{"href":"https:\/\/www.acapulcopress.com\/index.php\/wp-json\/wp\/v2\/posts\/1231690","targetHints":{"allow":["GET"]}}],"collection":[{"href":"https:\/\/www.acapulcopress.com\/index.php\/wp-json\/wp\/v2\/posts"}],"about":[{"href":"https:\/\/www.acapulcopress.com\/index.php\/wp-json\/wp\/v2\/types\/post"}],"author":[{"embeddable":true,"href":"https:\/\/www.acapulcopress.com\/index.php\/wp-json\/wp\/v2\/users\/2"}],"replies":[{"embeddable":true,"href":"https:\/\/www.acapulcopress.com\/index.php\/wp-json\/wp\/v2\/comments?post=1231690"}],"version-history":[{"count":0,"href":"https:\/\/www.acapulcopress.com\/index.php\/wp-json\/wp\/v2\/posts\/1231690\/revisions"}],"wp:featuredmedia":[{"embeddable":true,"href":"https:\/\/www.acapulcopress.com\/index.php\/wp-json\/"}],"wp:attachment":[{"href":"https:\/\/www.acapulcopress.com\/index.php\/wp-json\/wp\/v2\/media?parent=1231690"}],"wp:term":[{"taxonomy":"category","embeddable":true,"href":"https:\/\/www.acapulcopress.com\/index.php\/wp-json\/wp\/v2\/categories?post=1231690"},{"taxonomy":"post_tag","embeddable":true,"href":"https:\/\/www.acapulcopress.com\/index.php\/wp-json\/wp\/v2\/tags?post=1231690"}],"curies":[{"name":"wp","href":"https:\/\/api.w.org\/{rel}","templated":true}]}}