{"id":1231697,"date":"2021-09-01T20:19:48","date_gmt":"2021-09-02T01:19:48","guid":{"rendered":"https:\/\/www.acapulco.press\/?p=1231697"},"modified":"2021-09-01T20:19:48","modified_gmt":"2021-09-02T01:19:48","slug":"anorve-mantiene-lealtad-al-pri-ataques-no-debilitaron-su-militancia-politica","status":"publish","type":"post","link":"https:\/\/www.acapulcopress.com\/index.php\/2021\/09\/01\/anorve-mantiene-lealtad-al-pri-ataques-no-debilitaron-su-militancia-politica\/","title":{"rendered":"A\u00f1orve mantiene lealtad al PRI: ataques no debilitaron su militancia pol\u00edtica"},"content":{"rendered":"<p style=\"text-align: justify;\">Palabras Mayores<br \/>\n\u00bb <strong>Jorge Romero Rend\u00f3n<\/strong><br \/>\n<em>Facebook | <a href=\"https:\/\/www.facebook.com\/jorge.romerorendon1\" target=\"_blank\" rel=\"noopener\">jorge.romerorendon1<\/a><\/em><\/p>\n<p style=\"text-align: justify;\">La grabaci\u00f3n de una conversaci\u00f3n privada del senador Manuel A\u00f1orve Ba\u00f1os, que se volvi\u00f3 a difundir en redes sociales, pretendi\u00f3 desacreditar su relaci\u00f3n con el gobernador H\u00e9ctor Astudillo Flores y con el candidato del PRI-PRD a sucederlo, Mario Moreno Arcos, en torno a la elecci\u00f3n del pasado 6 de junio.<\/p>\n<p style=\"text-align: justify;\">La reacci\u00f3n de A\u00f1orve fue la normal, aclarando que dicha conversaci\u00f3n fue sacada de contexto y la grabaci\u00f3n, editada para tratar de evidenciar un supuesto descontento que se habr\u00eda traducido en una traici\u00f3n pol\u00edtica a su partido por no haber sido designado para la candidatura a gobernador. Y de paso anunci\u00f3 que denunciar\u00e1 dicha acci\u00f3n ilegal ante la Fiscal\u00eda General de la Rep\u00fablica por la manipulaci\u00f3n y difusi\u00f3n de esa grabaci\u00f3n, debido a que se configuran diversos delitos.<\/p>\n<p style=\"text-align: justify;\">En una conversaci\u00f3n con este periodista, A\u00f1orve no neg\u00f3 el contenido de esa conversaci\u00f3n, que habr\u00eda sucedido a ra\u00edz de la nominaci\u00f3n de Mario Moreno como candidato a gobernador por el PRI, pero que al difundirse en fechas posteriores cobr\u00f3 un significado diferente. Sobre todo porque a poco de la conversaci\u00f3n \u201caclaramos todo con el gobernador y mantuvimos nuestra amistad de muchos a\u00f1os, y me dispuse a apoyar la campa\u00f1a de Mario por voluntad propia y por lealtad a mi partido \u2013como pudo verse en diversos actos p\u00fablicos-, y apoyando tambi\u00e9n las de otros candidatos a alcaldes y diputados en el estado\u201d.<\/p>\n<p style=\"text-align: justify;\">De modo que las interpretaciones posteriores hechas por otras personas, descontextualizadas, se equivocaron al tratar de colgarle a A\u00f1orve culpas que no le corresponden sobre las derrotas sufridas por el PRI en la elecci\u00f3n\u2026<br \/>\nLo que hay de fondo\u2026<\/p>\n<p style=\"text-align: justify;\">Pero m\u00e1s all\u00e1 del tema de la pasada elecci\u00f3n de gobernador \u2013cuya impugnaci\u00f3n est\u00e1 por dirimirse en el Tribunal Electoral del Poder Judicial de la Federaci\u00f3n (TEPJF)-, en lo que se debe poner atenci\u00f3n es en tres factores que confluyen en el inter\u00e9s de algunos perversos por atacar a A\u00f1orve despu\u00e9s de seis meses de que alguien filtr\u00f3 a las redes sociales de internet por primera vez la dichosa grabaci\u00f3n:<\/p>\n<p style=\"text-align: justify;\">1.- La pelea por quedarse con el cascar\u00f3n del PRI \u2013y sobre todo con su dirigencia-. A\u00f1orve ha dicho que no le interesa dirigir a su partido en el estado, pues no compagina con su labor como senador de la rep\u00fablica, cargo del que le quedan a\u00fan tres a\u00f1os de ejercicio. Y aunque opina que el liderazgo debe quedar en Mario Moreno por sus m\u00e9ritos de campa\u00f1a y los votos que logr\u00f3 el 6 de junio, hay quienes lo ven como a un rival que debe desacreditarse para evitar que llegue a controlar al priismo.<\/p>\n<p style=\"text-align: justify;\">2.- La inexistente pugna por la presidencia de la Mesa Directiva de la LXIII Legislatura del Congreso local, que al final qued\u00f3 en muy buenas manos, con la diputada que a partir de hoy fungir\u00e1 como tal, Flor A\u00f1orve Ocampo. Su designaci\u00f3n fue un\u00e1nime y en ning\u00fan momento apareci\u00f3 la diputada Julieta Fern\u00e1ndez M\u00e1rquez para tratar de buscar ese cargo, pues ya hab\u00eda un acuerdo y como el resto de la bancada priista, honr\u00f3 ese compromiso.<\/p>\n<p style=\"text-align: justify;\">3.- Las muy adelantadas carreras por la candidatura del PRI a presidente de la rep\u00fablica en 2024 \u2013junto con las de diputados y senadores por Guerrero-, y la de 2027 por la gubernatura \u2013o un posible interinato-. A\u00fan cuando esos procesos est\u00e1n lejanos en el tiempo, los movimientos estrat\u00e9gicos de ciertos aspirantes no reparan en plazos para ir ganando terreno, y mientras m\u00e1s pronto mejor.<\/p>\n<p style=\"text-align: justify;\">De ah\u00ed que A\u00f1orve, considerado como uno de los precandidatos con mayor fuerza y oportunidad para llevar a cabo pactos con los presidenciables priistas, obtener nuevos cargos legislativos federales, y mantenerse vigente para pelear fuerte por la gubernatura dentro de seis a\u00f1os, es objeto de ataques para tratar de sacarlo del juego futurista.<\/p>\n<p style=\"text-align: justify;\">Sin embargo esto es dif\u00edcil, dado el liderazgo que Manuel A\u00f1orve ha labrado en el Senado, que incluye una gran influencia en la C\u00e1mara de Diputados y una relaci\u00f3n s\u00f3lida con los liderazgos pol\u00edticos a nivel nacional \u2013incluyendo el bloque opositor de senadores (PRI-PAN-PRD), a gobernadores, altos funcionarios del gobierno federal, y con los l\u00edderes legislativos de Morena-, se mantiene con la misma fuerza, sin que el reciente resultado electoral adverso para su partido en el estado le haya restado capacidad de interlocuci\u00f3n.<\/p>\n<p style=\"text-align: justify;\">De manera que, al final, las grabaciones que han provocado tantos chismes en las redes sociales, resultan inocuas, aunque revelan que la pugna pol\u00edtica en lo que queda del PRI ser\u00e1 salvaje y anuncia divisiones internas que a ninguno de sus militantes conviene&#8230;<\/p>\n","protected":false},"excerpt":{"rendered":"<p>Palabras Mayores \u00bb Jorge Romero Rend\u00f3n Facebook | jorge.romerorendon1 La grabaci\u00f3n de una conversaci\u00f3n privada del senador Manuel A\u00f1orve Ba\u00f1os, que se volvi\u00f3 a difundir en redes sociales, pretendi\u00f3 desacreditar su relaci\u00f3n con el gobernador H\u00e9ctor Astudillo Flores y con el candidato del PRI-PRD a sucederlo, Mario Moreno Arcos, en torno a la elecci\u00f3n del&#8230;<\/p>\n","protected":false},"author":2,"featured_media":1231691,"comment_status":"closed","ping_status":"closed","sticky":false,"template":"","format":"standard","meta":{"footnotes":""},"categories":[2071,1991],"tags":[9705,10928,12366,12685,14168],"class_list":["post-1231697","post","type-post","status-publish","format-standard","has-post-thumbnail","hentry","category-opinion-analisis-columnas","category-libertad-de-expresion","tag-hector-astudillo-flores","tag-jorge-romero-rendon","tag-manuel-anorve-banos","tag-mario-moreno-arcos","tag-palabras-mayores"],"_links":{"self":[{"href":"https:\/\/www.acapulcopress.com\/index.php\/wp-json\/wp\/v2\/posts\/1231697","targetHints":{"allow":["GET"]}}],"collection":[{"href":"https:\/\/www.acapulcopress.com\/index.php\/wp-json\/wp\/v2\/posts"}],"about":[{"href":"https:\/\/www.acapulcopress.com\/index.php\/wp-json\/wp\/v2\/types\/post"}],"author":[{"embeddable":true,"href":"https:\/\/www.acapulcopress.com\/index.php\/wp-json\/wp\/v2\/users\/2"}],"replies":[{"embeddable":true,"href":"https:\/\/www.acapulcopress.com\/index.php\/wp-json\/wp\/v2\/comments?post=1231697"}],"version-history":[{"count":0,"href":"https:\/\/www.acapulcopress.com\/index.php\/wp-json\/wp\/v2\/posts\/1231697\/revisions"}],"wp:featuredmedia":[{"embeddable":true,"href":"https:\/\/www.acapulcopress.com\/index.php\/wp-json\/"}],"wp:attachment":[{"href":"https:\/\/www.acapulcopress.com\/index.php\/wp-json\/wp\/v2\/media?parent=1231697"}],"wp:term":[{"taxonomy":"category","embeddable":true,"href":"https:\/\/www.acapulcopress.com\/index.php\/wp-json\/wp\/v2\/categories?post=1231697"},{"taxonomy":"post_tag","embeddable":true,"href":"https:\/\/www.acapulcopress.com\/index.php\/wp-json\/wp\/v2\/tags?post=1231697"}],"curies":[{"name":"wp","href":"https:\/\/api.w.org\/{rel}","templated":true}]}}