{"id":1231719,"date":"2021-09-01T21:25:58","date_gmt":"2021-09-02T02:25:58","guid":{"rendered":"https:\/\/www.acapulco.press\/?p=1231719"},"modified":"2021-09-01T21:25:58","modified_gmt":"2021-09-02T02:25:58","slug":"los-nuevos-diputados-de-la-lxiii-legislatura-de-guerrero","status":"publish","type":"post","link":"https:\/\/www.acapulcopress.com\/index.php\/2021\/09\/01\/los-nuevos-diputados-de-la-lxiii-legislatura-de-guerrero\/","title":{"rendered":"Los nuevos diputados de la LXIII Legislatura de Guerrero"},"content":{"rendered":"<p>CHILPANCINGO. * 1 de septiembre de 2021.<br \/>\n<em>) Acapulco Press.<\/em><\/p>\n<p>] <strong>Morena<\/strong><br \/>\nJessica Ivett Alejo Rayo,<br \/>\nOsbaldo R\u00edos Manrique,<br \/>\nEstrella de la Paz Bernal,<br \/>\nGloria Clitlali Calixto Jim\u00e9nez,<br \/>\nBeatriz Mojica Morga,<br \/>\nLeticia Castro Ortiz,<br \/>\nMarco Tulio S\u00e1nchez Alarc\u00f3n,<br \/>\nJoaqu\u00edn Badillo Escamilla,<br \/>\nFortunato Hern\u00e1ndez Carbajal,<br \/>\nCarlos Cruz L\u00f3pez,<br \/>\nJos\u00e9 Efr\u00e9n L\u00f3pez Cort\u00e9s,<br \/>\nAntonio Helguera Jim\u00e9nez,<br \/>\nAndrea Guevara C\u00e1rdenas,<br \/>\nMar\u00eda Flores Maldonado,<br \/>\nMasedonio Mendoza Basurto,<br \/>\nYoloczin Lizberth Dom\u00ednguez Serna,<br \/>\nMarb\u00e9n de la Cruz Santiago,<br \/>\nClaudia Sierra P\u00e9rez,<br \/>\nJacinto Gonz\u00e1lez Varona,<br \/>\nNora Yanek Vel\u00e1zquez Mart\u00ednez,<br \/>\nAlfredo S\u00e1nchez Esquivel,<br \/>\nAng\u00e9lica Espinoza Garc\u00eda.<\/p>\n<p>] <strong>PRI<\/strong><br \/>\nRicardo Astudillo Calvo,<br \/>\nRafael Navarrete Quezada,<br \/>\nAdolfo Torales Catal\u00e1n,<br \/>\nOlaguer Hern\u00e1ndez Flores,<br \/>\nFlor A\u00f1orve Ocampo,<br \/>\nJes\u00fas Parra Garc\u00eda,<br \/>\nJulieta Fern\u00e1nez Marquez,<br \/>\nH\u00e9ctor Apreza Patr\u00f3n,<br \/>\nGabriela Bernal Resendiz,<br \/>\nEsteban Albarr\u00e1n Mendoza,<br \/>\nAlicia Elizaberth Zamora Villava.<\/p>\n<p>] <strong>PRD<\/strong><br \/>\nCarlos Reyes Torres,<br \/>\nOciel Hugar Garc\u00eda Trujillo,<br \/>\nElzy Camacho Pineda,<br \/>\nSusana Paola Ju\u00e1rez G\u00f3mez,<br \/>\nBernardo Ortega Jim\u00e9nez,<br \/>\nRaymundo Garc\u00eda Guti\u00e9rrez,<br \/>\nPatricia Doroteo Calder\u00f3n,<br \/>\nYanelly Hen\u00e1nez Mart\u00ednez,<br \/>\nJennyfer Garc\u00eda Lucena.<\/p>\n<p>] <strong>PVEM<\/strong><br \/>\nManuel Qui\u00f1\u00f3nez Cort\u00e9s, Hilda Jennifer Ponce Mendoza.<\/p>\n<p>] <strong>PAN<\/strong><br \/>\nAna Lenis Res\u00e9ndiz Javier.<\/p>\n<p>] <strong>PT<\/strong><br \/>\nLeticia Mosso Hern\u00e1ndez.<br \/>\nwww.<strong>acapulco.press<\/strong><\/p>\n","protected":false},"excerpt":{"rendered":"<p>CHILPANCINGO. * 1 de septiembre de 2021. ) Acapulco Press. ] Morena Jessica Ivett Alejo Rayo, Osbaldo R\u00edos Manrique, Estrella de la Paz Bernal, Gloria Clitlali Calixto Jim\u00e9nez, Beatriz Mojica Morga, Leticia Castro Ortiz, Marco Tulio S\u00e1nchez Alarc\u00f3n, Joaqu\u00edn Badillo Escamilla, Fortunato Hern\u00e1ndez Carbajal, Carlos Cruz L\u00f3pez, Jos\u00e9 Efr\u00e9n L\u00f3pez Cort\u00e9s, Antonio Helguera Jim\u00e9nez, Andrea&#8230;<\/p>\n","protected":false},"author":2,"featured_media":1231704,"comment_status":"closed","ping_status":"closed","sticky":false,"template":"","format":"standard","meta":{"footnotes":""},"categories":[1969,1989],"tags":[12251],"class_list":["post-1231719","post","type-post","status-publish","format-standard","has-post-thumbnail","hentry","category-trending","category-noticias-generales","tag-lxiii-legislatura-de-guerrero"],"_links":{"self":[{"href":"https:\/\/www.acapulcopress.com\/index.php\/wp-json\/wp\/v2\/posts\/1231719","targetHints":{"allow":["GET"]}}],"collection":[{"href":"https:\/\/www.acapulcopress.com\/index.php\/wp-json\/wp\/v2\/posts"}],"about":[{"href":"https:\/\/www.acapulcopress.com\/index.php\/wp-json\/wp\/v2\/types\/post"}],"author":[{"embeddable":true,"href":"https:\/\/www.acapulcopress.com\/index.php\/wp-json\/wp\/v2\/users\/2"}],"replies":[{"embeddable":true,"href":"https:\/\/www.acapulcopress.com\/index.php\/wp-json\/wp\/v2\/comments?post=1231719"}],"version-history":[{"count":0,"href":"https:\/\/www.acapulcopress.com\/index.php\/wp-json\/wp\/v2\/posts\/1231719\/revisions"}],"wp:featuredmedia":[{"embeddable":true,"href":"https:\/\/www.acapulcopress.com\/index.php\/wp-json\/"}],"wp:attachment":[{"href":"https:\/\/www.acapulcopress.com\/index.php\/wp-json\/wp\/v2\/media?parent=1231719"}],"wp:term":[{"taxonomy":"category","embeddable":true,"href":"https:\/\/www.acapulcopress.com\/index.php\/wp-json\/wp\/v2\/categories?post=1231719"},{"taxonomy":"post_tag","embeddable":true,"href":"https:\/\/www.acapulcopress.com\/index.php\/wp-json\/wp\/v2\/tags?post=1231719"}],"curies":[{"name":"wp","href":"https:\/\/api.w.org\/{rel}","templated":true}]}}