{"id":1231724,"date":"2021-09-01T21:40:09","date_gmt":"2021-09-02T02:40:09","guid":{"rendered":"https:\/\/www.acapulco.press\/?p=1231724"},"modified":"2021-09-01T21:40:09","modified_gmt":"2021-09-02T02:40:09","slug":"jacko-badillo-legislara-con-humildad-responsabilidad-y-compromiso","status":"publish","type":"post","link":"https:\/\/www.acapulcopress.com\/index.php\/2021\/09\/01\/jacko-badillo-legislara-con-humildad-responsabilidad-y-compromiso\/","title":{"rendered":"Jacko Badillo legislar\u00e1 con humildad, responsabilidad y compromiso"},"content":{"rendered":"<p style=\"text-align: justify;\"><img loading=\"lazy\" decoding=\"async\" class=\"alignnone wp-image-1231710 size-large\" src=\"https:\/\/www.acapulco.press\/wp-content\/uploads\/2021\/09\/JACKOBADILLO3-840x560.jpg\" alt=\"\" width=\"840\" height=\"560\" \/><\/p>\n<p style=\"text-align: justify;\">CHILPANCINGO. * 1 de septiembre de 2021.<br \/>\n<em>) Especial.<\/em><br \/>\nJunto a sus hom\u00f3logos de Morena y de las dem\u00e1s expresiones pol\u00edticas, el representante del Distrito 9 de Acapulco, Joaqu\u00edn <img loading=\"lazy\" decoding=\"async\" class=\"alignleft size-medium wp-image-1231708\" src=\"https:\/\/www.acapulco.press\/wp-content\/uploads\/2021\/09\/JACKOBADILLO-375x563.jpg\" alt=\"\" width=\"375\" height=\"563\" \/>\u201cJacko\u201d Badillo Escamilla rindi\u00f3 protesta como diputado local en la LXIII Legislatura de Guerrero este mi\u00e9rcoles por la ma\u00f1ana.<\/p>\n<p style=\"text-align: justify;\">Acompa\u00f1ado de su esposa Alejandra Mena Zuzuarregui, Badillo Escamilla cumpli\u00f3 con la ceremonia protocolaria, en la cual tambi\u00e9n asumi\u00f3 como secretario de la Mesa Directiva que conducir\u00e1 el primer periodo ordinario de sesiones del primer a\u00f1o de gesti\u00f3n legislativa.<\/p>\n<p style=\"text-align: justify;\">En breves declaraciones, el legislador acapulque\u00f1o se dijo preparado para empezar, con mucha humildad, responsabilidad y compromiso, a corresponder a la confianza que en \u00e9l deposit\u00f3 la ciudadan\u00eda en la votaci\u00f3n hist\u00f3rica que se registr\u00f3 el pasado 6 de junio.<\/p>\n<p style=\"text-align: justify;\">\u201cNo les vamos a fallar, estamos conscientes de que atravesamos por tiempos muy dif\u00edciles y lo que se requiere es que en nuestro estado prevalezca la gobernabilidad, por eso ante cualquier circunstancia vamos a anteponer el di\u00e1logo y los entendimientos para lograr los mejores acuerdos en beneficio de los guerrerenses\u201d, expres\u00f3.<\/p>\n<p style=\"text-align: justify;\">Asimismo, Jacko Badillo reafirm\u00f3 su compromiso de regresar, como lo ha estado haciendo en las \u00faltimas semanas, a recorrer no solamente el Distrito que representa, sino todo Acapulco, pendiente de las necesidades de las familias y buscar desde el Congreso y como gestor, mejoras que les permitan elevar los niveles de vida, sobre todo de las clases m\u00e1s marginadas.<\/p>\n<p style=\"text-align: justify;\"><img loading=\"lazy\" decoding=\"async\" class=\"alignnone wp-image-1231709 size-large\" src=\"https:\/\/www.acapulco.press\/wp-content\/uploads\/2021\/09\/JACKOBADILLO2-840x630.jpg\" alt=\"\" width=\"840\" height=\"630\" \/><\/p>\n","protected":false},"excerpt":{"rendered":"<p>CHILPANCINGO. * 1 de septiembre de 2021. ) Especial. Junto a sus hom\u00f3logos de Morena y de las dem\u00e1s expresiones pol\u00edticas, el representante del Distrito 9 de Acapulco, Joaqu\u00edn \u201cJacko\u201d Badillo Escamilla rindi\u00f3 protesta como diputado local en la LXIII Legislatura de Guerrero este mi\u00e9rcoles por la ma\u00f1ana. Acompa\u00f1ado de su esposa Alejandra Mena Zuzuarregui,&#8230;<\/p>\n","protected":false},"author":2,"featured_media":1231725,"comment_status":"closed","ping_status":"closed","sticky":false,"template":"","format":"standard","meta":{"footnotes":""},"categories":[1969,1972],"tags":[3507,10797,12251,13297],"class_list":["post-1231724","post","type-post","status-publish","format-standard","has-post-thumbnail","hentry","category-trending","category-special","tag-alejandra-mena-zuzuarregui","tag-joaquin-jacko-badillo-escamilla","tag-lxiii-legislatura-de-guerrero","tag-morena"],"_links":{"self":[{"href":"https:\/\/www.acapulcopress.com\/index.php\/wp-json\/wp\/v2\/posts\/1231724","targetHints":{"allow":["GET"]}}],"collection":[{"href":"https:\/\/www.acapulcopress.com\/index.php\/wp-json\/wp\/v2\/posts"}],"about":[{"href":"https:\/\/www.acapulcopress.com\/index.php\/wp-json\/wp\/v2\/types\/post"}],"author":[{"embeddable":true,"href":"https:\/\/www.acapulcopress.com\/index.php\/wp-json\/wp\/v2\/users\/2"}],"replies":[{"embeddable":true,"href":"https:\/\/www.acapulcopress.com\/index.php\/wp-json\/wp\/v2\/comments?post=1231724"}],"version-history":[{"count":0,"href":"https:\/\/www.acapulcopress.com\/index.php\/wp-json\/wp\/v2\/posts\/1231724\/revisions"}],"wp:featuredmedia":[{"embeddable":true,"href":"https:\/\/www.acapulcopress.com\/index.php\/wp-json\/"}],"wp:attachment":[{"href":"https:\/\/www.acapulcopress.com\/index.php\/wp-json\/wp\/v2\/media?parent=1231724"}],"wp:term":[{"taxonomy":"category","embeddable":true,"href":"https:\/\/www.acapulcopress.com\/index.php\/wp-json\/wp\/v2\/categories?post=1231724"},{"taxonomy":"post_tag","embeddable":true,"href":"https:\/\/www.acapulcopress.com\/index.php\/wp-json\/wp\/v2\/tags?post=1231724"}],"curies":[{"name":"wp","href":"https:\/\/api.w.org\/{rel}","templated":true}]}}