{"id":1231738,"date":"2021-09-01T22:19:46","date_gmt":"2021-09-02T03:19:46","guid":{"rendered":"https:\/\/www.acapulco.press\/?p=1231738"},"modified":"2021-09-01T22:19:46","modified_gmt":"2021-09-02T03:19:46","slug":"semar-y-familiares-realizan-busqueda-martitima-aerea-y-terrestre-de-pescadores-desaparecidos","status":"publish","type":"post","link":"https:\/\/www.acapulcopress.com\/index.php\/2021\/09\/01\/semar-y-familiares-realizan-busqueda-martitima-aerea-y-terrestre-de-pescadores-desaparecidos\/","title":{"rendered":"Semar y familiares realizan b\u00fasqueda mart\u00edtima, a\u00e9rea y terrestre de pescadores desaparecidos"},"content":{"rendered":"<p style=\"text-align: justify;\">ACAPULCO. * 1 de septiembre de 2021.<br \/>\n<em>) Semar.<\/em><br \/>\n<img loading=\"lazy\" decoding=\"async\" class=\"alignleft size-medium wp-image-1231740\" src=\"https:\/\/www.acapulco.press\/wp-content\/uploads\/2021\/09\/Semar-Acapulco2-375x500.jpeg\" alt=\"\" width=\"375\" height=\"500\" \/>La Secretar\u00eda de Marina-Armada de M\u00e9xico, como Autoridad Mar\u00edtima Nacional, en funciones de Guardia Costera, informa que familiares de seis pescadores desaparecidos en la entidad de Guerrero, participan como observadores en las acciones de b\u00fasqueda y localizaci\u00f3n efectuadas v\u00eda mar\u00edtima y \u00e1rea, a bordo de Unidades de Superficie y aeronavales de la Instituci\u00f3n, pertenecientes a la Octava Regi\u00f3n Naval, la Estaci\u00f3n Naval de B\u00fasqueda, Rescate y Vigilancia Mar\u00edtima (ENSAR) Acapulco y el Escuadr\u00f3n Aeronaval 511.<\/p>\n<p style=\"text-align: justify;\">Citadas acciones conjuntas se efectuaron la tarde de ayer y se reanudaron hoy a bordo de Unidades de Superficie y la Unidad Aeronaval con representantes de los familiares de los pescadores desaparecidos.<\/p>\n<p style=\"text-align: justify;\">As\u00ed mismo, de manera previa al embarque, se efect\u00faa el protocolo sanitario requerido para la contingencia del COVID-19, de la misma forma se realiza el procedimiento de seguridad necesario para abordar las Unidades de Superficie y Aeronaval de la Armada de M\u00e9xico.<\/p>\n<p style=\"text-align: justify;\">Lo anterior, como parte de la disposici\u00f3n y el apoyo refrendado del personal naval adscrito a la Octava Regi\u00f3n Naval a los familiares de <img loading=\"lazy\" decoding=\"async\" class=\"alignleft size-medium wp-image-1231742\" src=\"https:\/\/www.acapulco.press\/wp-content\/uploads\/2021\/09\/Semar-Acapulco4-375x500.jpeg\" alt=\"\" width=\"375\" height=\"500\" \/>los pescadores desaparecidos en la entidad, para las acciones de b\u00fasqueda y localizaci\u00f3n.<\/p>\n<p style=\"text-align: justify;\">El d\u00eda de hoy se continua con el despliegue de Unidades de Superficie (tipo Defender, Patrulla Interceptora y Patrulla Oce\u00e1nica), una aeronave tipo \u201cPersuader\u201d y veh\u00edculos de la Estaci\u00f3n Naval Avanzada de Playa Ventura, Boca de Mitla y del Batall\u00f3n de Infanter\u00eda de Marina N\u00fam. 22, en la b\u00fasqueda de los seis pescadores desaparecidos.<\/p>\n<p style=\"text-align: justify;\">Se invita a la ciudadan\u00eda a proporcionar informaci\u00f3n por los conductos oficiales de esta Instituci\u00f3n, que pueda llevar a la localizaci\u00f3n de los pescadores, a trav\u00e9s de los n\u00fameros telef\u00f3nicos y correos electr\u00f3nicos de contacto:<\/p>\n<p style=\"text-align: justify;\"><strong>Octava Regi\u00f3n Naval<\/strong><br \/>\nTel: (744) 406 62 09<\/p>\n<p style=\"text-align: justify;\"><strong>Estaci\u00f3n de B\u00fasqueda, Rescate y Vigilancia Mar\u00edtima de Acapulco<\/strong> (Ensar)<br \/>\nTel: (744) 406 61 67<br \/>\nCorreo electr\u00f3nico: <em>ensar_acapulco@hotmail.com<\/em><\/p>\n<p style=\"text-align: justify;\"><strong>Semar<\/strong> (Ciudad de M\u00e9xico):<br \/>\n<img loading=\"lazy\" decoding=\"async\" class=\"alignleft size-medium wp-image-1231741\" src=\"https:\/\/www.acapulco.press\/wp-content\/uploads\/2021\/09\/Semar-Acapulco3-375x500.jpeg\" alt=\"\" width=\"375\" height=\"500\" \/>Centro de Comando y Control SEMAR: 800 6274621 \/ 800 (MARINA1).<br \/>\nConmutador: (55) 56 24 65 00, opci\u00f3n 1 \u00f3 a la extensi\u00f3n 1000.<br \/>\nCorreos electr\u00f3nicos: <em>cc2_emga@semar.gob.mx\/sarmarina@semar.gob.mx<\/em><\/p>\n<p style=\"text-align: justify;\"><strong>Sistema de B\u00fasqueda y Rescate<\/strong><\/p>\n<p style=\"text-align: justify;\"><strong>\u00a1Todo por la vida!<\/strong><\/p>\n","protected":false},"excerpt":{"rendered":"<p>ACAPULCO. * 1 de septiembre de 2021. ) Semar. La Secretar\u00eda de Marina-Armada de M\u00e9xico, como Autoridad Mar\u00edtima Nacional, en funciones de Guardia Costera, informa que familiares de seis pescadores desaparecidos en la entidad de Guerrero, participan como observadores en las acciones de b\u00fasqueda y localizaci\u00f3n efectuadas v\u00eda mar\u00edtima y \u00e1rea, a bordo de Unidades&#8230;<\/p>\n","protected":false},"author":2,"featured_media":1231739,"comment_status":"closed","ping_status":"closed","sticky":false,"template":"","format":"standard","meta":{"footnotes":""},"categories":[18561,2019],"tags":[8079,8134,13858,14528,15502,16222],"class_list":["post-1231738","post","type-post","status-publish","format-standard","has-post-thumbnail","hentry","category-society-politics","category-popular-news","tag-escuadron-aeronaval-511","tag-estacion-naval-de-busqueda","tag-octava-region-naval","tag-pescadores-desaparecidos-acapulco","tag-rescate-y-vigilancia-maritima-ensar","tag-secretaria-de-marina-semar"],"_links":{"self":[{"href":"https:\/\/www.acapulcopress.com\/index.php\/wp-json\/wp\/v2\/posts\/1231738","targetHints":{"allow":["GET"]}}],"collection":[{"href":"https:\/\/www.acapulcopress.com\/index.php\/wp-json\/wp\/v2\/posts"}],"about":[{"href":"https:\/\/www.acapulcopress.com\/index.php\/wp-json\/wp\/v2\/types\/post"}],"author":[{"embeddable":true,"href":"https:\/\/www.acapulcopress.com\/index.php\/wp-json\/wp\/v2\/users\/2"}],"replies":[{"embeddable":true,"href":"https:\/\/www.acapulcopress.com\/index.php\/wp-json\/wp\/v2\/comments?post=1231738"}],"version-history":[{"count":0,"href":"https:\/\/www.acapulcopress.com\/index.php\/wp-json\/wp\/v2\/posts\/1231738\/revisions"}],"wp:featuredmedia":[{"embeddable":true,"href":"https:\/\/www.acapulcopress.com\/index.php\/wp-json\/"}],"wp:attachment":[{"href":"https:\/\/www.acapulcopress.com\/index.php\/wp-json\/wp\/v2\/media?parent=1231738"}],"wp:term":[{"taxonomy":"category","embeddable":true,"href":"https:\/\/www.acapulcopress.com\/index.php\/wp-json\/wp\/v2\/categories?post=1231738"},{"taxonomy":"post_tag","embeddable":true,"href":"https:\/\/www.acapulcopress.com\/index.php\/wp-json\/wp\/v2\/tags?post=1231738"}],"curies":[{"name":"wp","href":"https:\/\/api.w.org\/{rel}","templated":true}]}}