{"id":1231747,"date":"2021-09-01T12:34:41","date_gmt":"2021-09-01T17:34:41","guid":{"rendered":"https:\/\/www.acapulco.press\/?p=1231747"},"modified":"2021-09-01T12:34:41","modified_gmt":"2021-09-01T17:34:41","slug":"fge-vincula-a-proceso-a-feminicida-de-ometepec-2","status":"publish","type":"post","link":"https:\/\/www.acapulcopress.com\/index.php\/2021\/09\/01\/fge-vincula-a-proceso-a-feminicida-de-ometepec-2\/","title":{"rendered":"FGE vincula a proceso a feminicida de Ometepec"},"content":{"rendered":"<p style=\"text-align: justify;\">CHILPANCINGO. * 1 de septiembre de 2021.<br \/>\n<em>) <a href=\"https:\/\/fiscaliaguerrero.gob.mx\" target=\"_blank\" rel=\"noopener\">https:\/\/fiscaliaguerrero.gob.mx<\/a><\/em>.<br \/>\nEl Ministerio P\u00fablico adscrito en Ometepec logr\u00f3 vinculaci\u00f3n a proceso en contra de Modesto \u00abN\u00bb, acusado como probable responsable del delito de feminicidio.<\/p>\n<p style=\"text-align: justify;\">El imputado es acusado de privar de la vida a su concubina el pasado 29 de agosto de 2021, en la colonia La Panor\u00e1mica de la ciudad de Ometepec; cuando siendo aproximadamente las 9:00 horas al tener una discusi\u00f3n \u00e9l agredi\u00f3 a la v\u00edctima con objeto contundente (pala) ocasion\u00e1ndole lesiones de gravedad.<\/p>\n<p style=\"text-align: justify;\">En audiencia inicial el Ministerio P\u00fablico aport\u00f3 los datos de prueba logrando ante el Juez de Control vinculaci\u00f3n a proceso, concediendo cinco meses de investigaci\u00f3n complementaria, quedando interno en el Centro de Reinserci\u00f3n Social bajo la medida de prisi\u00f3n preventiva oficiosa.<\/p>\n<p style=\"text-align: justify;\">La Fiscal\u00eda General del Estado continuar\u00e1 investigando los delitos del fuero com\u00fan y con especial seguimiento los cometidos en temas de igualdad de g\u00e9nero y menores de edad en el estado de Guerrero.<\/p>\n","protected":false},"excerpt":{"rendered":"<p>CHILPANCINGO. * 1 de septiembre de 2021. ) https:\/\/fiscaliaguerrero.gob.mx. El Ministerio P\u00fablico adscrito en Ometepec logr\u00f3 vinculaci\u00f3n a proceso en contra de Modesto \u00abN\u00bb, acusado como probable responsable del delito de feminicidio. El imputado es acusado de privar de la vida a su concubina el pasado 29 de agosto de 2021, en la colonia La&#8230;<\/p>\n","protected":false},"author":2,"featured_media":1231748,"comment_status":"closed","ping_status":"closed","sticky":false,"template":"","format":"standard","meta":{"footnotes":""},"categories":[1969,2005],"tags":[8471,8703,10946,14737],"class_list":["post-1231747","post","type-post","status-publish","format-standard","has-post-thumbnail","hentry","category-trending","category-seguridad-y-justicia","tag-feminicidios","tag-fiscalia-general-del-estado-de-guerrero-fge","tag-jorge-zuriel-de-los-santos-barrila","tag-policia-ministerial-de-guerrero"],"_links":{"self":[{"href":"https:\/\/www.acapulcopress.com\/index.php\/wp-json\/wp\/v2\/posts\/1231747","targetHints":{"allow":["GET"]}}],"collection":[{"href":"https:\/\/www.acapulcopress.com\/index.php\/wp-json\/wp\/v2\/posts"}],"about":[{"href":"https:\/\/www.acapulcopress.com\/index.php\/wp-json\/wp\/v2\/types\/post"}],"author":[{"embeddable":true,"href":"https:\/\/www.acapulcopress.com\/index.php\/wp-json\/wp\/v2\/users\/2"}],"replies":[{"embeddable":true,"href":"https:\/\/www.acapulcopress.com\/index.php\/wp-json\/wp\/v2\/comments?post=1231747"}],"version-history":[{"count":0,"href":"https:\/\/www.acapulcopress.com\/index.php\/wp-json\/wp\/v2\/posts\/1231747\/revisions"}],"wp:featuredmedia":[{"embeddable":true,"href":"https:\/\/www.acapulcopress.com\/index.php\/wp-json\/"}],"wp:attachment":[{"href":"https:\/\/www.acapulcopress.com\/index.php\/wp-json\/wp\/v2\/media?parent=1231747"}],"wp:term":[{"taxonomy":"category","embeddable":true,"href":"https:\/\/www.acapulcopress.com\/index.php\/wp-json\/wp\/v2\/categories?post=1231747"},{"taxonomy":"post_tag","embeddable":true,"href":"https:\/\/www.acapulcopress.com\/index.php\/wp-json\/wp\/v2\/tags?post=1231747"}],"curies":[{"name":"wp","href":"https:\/\/api.w.org\/{rel}","templated":true}]}}