{"id":1231769,"date":"2021-09-02T18:02:56","date_gmt":"2021-09-02T23:02:56","guid":{"rendered":"https:\/\/www.acapulco.press\/?p=1231769"},"modified":"2021-09-02T18:02:56","modified_gmt":"2021-09-02T23:02:56","slug":"premian-a-ganador-de-composicion-musical-de-la-marcha-del-bicentenario-de-la-armada-de-mexico","status":"publish","type":"post","link":"https:\/\/www.acapulcopress.com\/index.php\/2021\/09\/02\/premian-a-ganador-de-composicion-musical-de-la-marcha-del-bicentenario-de-la-armada-de-mexico\/","title":{"rendered":"Premian a ganador de composici\u00f3n musical de la \u201cMarcha del Bicentenario de la Armada de M\u00e9xico\u201d"},"content":{"rendered":"<p style=\"text-align: justify;\"><img loading=\"lazy\" decoding=\"async\" class=\"alignleft size-medium wp-image-1231772\" src=\"https:\/\/www.acapulco.press\/wp-content\/uploads\/2021\/09\/Semar-concurso-375x250.jpeg\" alt=\"\" width=\"375\" height=\"250\" \/>CIUDAD DE M\u00c9XICO. * 2 de septiembre de 2021.<br \/>\n<em>) Semar.<br \/>\n<\/em>La Secretar\u00eda de Marina, en el marco de los eventos alusivos a la celebraci\u00f3n de los 200 A\u00f1os de la creaci\u00f3n de la Armada de M\u00e9xico, informa que hoy llev\u00f3 a cabo la ceremonia de premiaci\u00f3n del concurso de composici\u00f3n musical de la \u201cMarcha del Bicentenario de la Armada de M\u00e9xico\u201d.<\/p>\n<p style=\"text-align: justify;\">La ceremonia fue presidida por el Almirante Jos\u00e9 Luis Arellano Ruiz, Subsecretario de Marina, en representaci\u00f3n del Almirante Jos\u00e9 Rafael Ojeda Dur\u00e1n, Secretario de Marina y Alto Mando de la Armada de M\u00e9xico; el Maestro Jos\u00e9 Julio D\u00edaz Infante, Coordinador Nacional de M\u00fasica y \u00d3pera del Instituto Nacional de Bellas Artes y Literatura (INBAL); Almirante C\u00e9sar Carlos Preciado Vel\u00e1zquez, Oficial Mayor de Marina; Almirante Jos\u00e9 Tom\u00e1s Jorge Tress Zilly, Inspector y Contralor General de Marina; Almirante Retirado Armando Garc\u00eda Rodr\u00edguez, Coordinador General de los Festejos de los 200 a\u00f1os de la Armada de M\u00e9xico; Vicealmirante Fernando <img loading=\"lazy\" decoding=\"async\" class=\"alignleft size-medium wp-image-1231775\" src=\"https:\/\/www.acapulco.press\/wp-content\/uploads\/2021\/09\/Semar-concurso4-375x250.jpeg\" alt=\"\" width=\"375\" height=\"250\" \/>Alfonso Angl\u00ed Rodr\u00edguez, Comandante del Cuartel General del Alto Mando; Contralmirante Adbiud L\u00f3pez Madrigal, Jefe de la Unidad de Historia y Cultura Naval; Jurado Calificador, entre otras autoridades civiles y militares.<\/p>\n<p style=\"text-align: justify;\">Tras haberse declarado abierta la convocatoria de composici\u00f3n, y con el objetivo de contar con una marcha para banda sinf\u00f3nica, que simbolice la importancia de la Armada de M\u00e9xico a 200 a\u00f1os de su creaci\u00f3n, que resalte los valores institucionales y fortalezca en cada uno de sus integrantes el sentido de pertenencia y el esp\u00edritu de cuerpo, el jurado calificador, designado por la Secretar\u00eda de Cultura, dictamin\u00f3 como \u00fanico ganador de la \u201cMarcha del <img loading=\"lazy\" decoding=\"async\" class=\"alignleft size-medium wp-image-1231772\" src=\"https:\/\/www.acapulco.press\/wp-content\/uploads\/2021\/09\/Semar-concurso-375x250.jpeg\" alt=\"\" width=\"375\" height=\"250\" \/>Bicentenario de la Armada de M\u00e9xico\u201d a Francisco Javier Garc\u00eda Rivera.<\/p>\n<p style=\"text-align: justify;\">Francisco Javier Garc\u00eda Rivera estudia piano, saxof\u00f3n, composici\u00f3n y orquestaci\u00f3n. Cuenta con una trayector\u00eda profesional de 14 a\u00f1os, ha realizado varios conciertos en diferentes escenarios del pa\u00eds, ha trabajado como m\u00fasico de jazz, de sesi\u00f3n, acompa\u00f1ante y docente en diversas escuelas de m\u00fasica y universidades del pa\u00eds.<\/p>\n<p style=\"text-align: justify;\">En el a\u00f1o 2020 sus composiciones de jazz le hicieron acreedor al est\u00edmulo \u201cContigo en la Distancia\u201d, del Fomento Nacional para la Cultura y las Artes (FONCA), y en esta ocasi\u00f3n su obra musical fue <img loading=\"lazy\" decoding=\"async\" class=\"alignleft size-medium wp-image-1231776\" src=\"https:\/\/www.acapulco.press\/wp-content\/uploads\/2021\/09\/Semar-concurso5-375x250.jpeg\" alt=\"\" width=\"375\" height=\"250\" \/>seleccionada como ganadora del concurso de composici\u00f3n de la \u201cMarcha del Bicentenario de la Armada de M\u00e9xico\u201d.<\/p>\n<p style=\"text-align: justify;\">En su oportunidad, Francisco Javier Garc\u00eda Rivera indic\u00f3 que como compositor se sinti\u00f3 enormemente honrado de que la obra que se mand\u00f3 al Concurso se haya encontrado adecuada para esta celebraci\u00f3n tan importante, la celebraci\u00f3n de los 200 a\u00f1os de la Marina-Armada de M\u00e9xico, pero que como mexicano a\u00fan el honor es m\u00e1s grande, pues se le permiti\u00f3 servir a la patria, por medio de la m\u00fasica, que es su vocaci\u00f3n y forma de vida diaria.<\/p>\n<p style=\"text-align: justify;\">Por su parte, el Almirante Arellano Ruiz record\u00f3 que han pasado <img loading=\"lazy\" decoding=\"async\" class=\"alignleft size-medium wp-image-1231778\" src=\"https:\/\/www.acapulco.press\/wp-content\/uploads\/2021\/09\/Semar-concurso7-375x250.jpeg\" alt=\"\" width=\"375\" height=\"250\" \/>casi dos siglos, desde que las y los mexicanos de la Armada de M\u00e9xico hemos escrito en la bit\u00e1cora naval p\u00e1ginas de disciplina, esfuerzo y valent\u00eda, en favor de nuestra querida naci\u00f3n.<\/p>\n<p style=\"text-align: justify;\">Asimismo, en nombre de la Secretar\u00eda de Marina, agradeci\u00f3 a todos y cada uno de los participantes, en especial a Francisco Javier Garc\u00eda Rivera porque con su pensamiento y talento logr\u00f3 plasmar y fortalecer, en la marcha, el sentido de pertenencia y el esp\u00edritu de cuerpo que nos motiva a celebrar con orgullo 200 a\u00f1os de la Armada de M\u00e9xico.<\/p>\n<p style=\"text-align: justify;\">Durante la ceremonia, el pres\u00eddium entreg\u00f3 reconocimientos y <img loading=\"lazy\" decoding=\"async\" class=\"alignleft size-medium wp-image-1231771\" src=\"https:\/\/www.acapulco.press\/wp-content\/uploads\/2021\/09\/marina-semar-375x250.jpg\" alt=\"\" width=\"375\" height=\"250\" \/>premios a los ganadores del segundo y tercer lugar del concurso.<\/p>\n<p style=\"text-align: justify;\">Cabe hacer menci\u00f3n que la obra musical ganadora es una composici\u00f3n original e in\u00e9dita para banda sinf\u00f3nica y orquesta filarm\u00f3nica, inspirada en la identidad naval, que hoy por primera vez ser\u00e1 interpretada por m\u00fasicos de la Secretar\u00eda de Marina.<\/p>\n<p style=\"text-align: justify;\">La celebracio\u0301n de este Bicentenario se remonta a los inicios del Me\u0301xico independiente, el 4 de octubre de 1821, cuando el General Agusti\u0301n de Iturbide, ante la necesidad del joven Estado Mexicano de contar con una Armada para salvaguardar la Soberani\u0301a Nacional, decreto\u0301 la creacio\u0301n del Ministerio de Guerra y Marina, dirigido por el teniente de Nav\u00edo Antonio de Medina Miranda, acto con el que dio inicio la historia de la Armada de M\u00e9xico.<\/p>\n<div style=\"width: 640px;\" class=\"wp-video\"><video class=\"wp-video-shortcode\" id=\"video-1231769-1\" width=\"640\" height=\"416\" preload=\"metadata\" controls=\"controls\"><source type=\"video\/mp4\" src=\"https:\/\/www.acapulco.press\/wp-content\/uploads\/2021\/09\/Semar-Consurso.mp4?_=1\" \/><a href=\"https:\/\/www.acapulco.press\/wp-content\/uploads\/2021\/09\/Semar-Consurso.mp4\">https:\/\/www.acapulco.press\/wp-content\/uploads\/2021\/09\/Semar-Consurso.mp4<\/a><\/video><\/div>\n","protected":false},"excerpt":{"rendered":"<p>CIUDAD DE M\u00c9XICO. * 2 de septiembre de 2021. ) Semar. La Secretar\u00eda de Marina, en el marco de los eventos alusivos a la celebraci\u00f3n de los 200 A\u00f1os de la creaci\u00f3n de la Armada de M\u00e9xico, informa que hoy llev\u00f3 a cabo la ceremonia de premiaci\u00f3n del concurso de composici\u00f3n musical de la \u201cMarcha&#8230;<\/p>\n","protected":false},"author":2,"featured_media":1231786,"comment_status":"closed","ping_status":"closed","sticky":false,"template":"","format":"standard","meta":{"footnotes":""},"categories":[2025,1972,1988],"tags":[4128,10303,11038,11048,11107,16222],"class_list":["post-1231769","post","type-post","status-publish","format-standard","has-post-thumbnail","hentry","category-arte-y-literatura","category-special","category-lifestyles","tag-armada-de-mexico","tag-instituto-nacional-de-bellas-artes-y-literatura-inbal","tag-jose-julio-diaz-infante","tag-jose-luis-arellano-ruiz","tag-jose-rafael-ojeda-duran","tag-secretaria-de-marina-semar"],"_links":{"self":[{"href":"https:\/\/www.acapulcopress.com\/index.php\/wp-json\/wp\/v2\/posts\/1231769","targetHints":{"allow":["GET"]}}],"collection":[{"href":"https:\/\/www.acapulcopress.com\/index.php\/wp-json\/wp\/v2\/posts"}],"about":[{"href":"https:\/\/www.acapulcopress.com\/index.php\/wp-json\/wp\/v2\/types\/post"}],"author":[{"embeddable":true,"href":"https:\/\/www.acapulcopress.com\/index.php\/wp-json\/wp\/v2\/users\/2"}],"replies":[{"embeddable":true,"href":"https:\/\/www.acapulcopress.com\/index.php\/wp-json\/wp\/v2\/comments?post=1231769"}],"version-history":[{"count":0,"href":"https:\/\/www.acapulcopress.com\/index.php\/wp-json\/wp\/v2\/posts\/1231769\/revisions"}],"wp:featuredmedia":[{"embeddable":true,"href":"https:\/\/www.acapulcopress.com\/index.php\/wp-json\/"}],"wp:attachment":[{"href":"https:\/\/www.acapulcopress.com\/index.php\/wp-json\/wp\/v2\/media?parent=1231769"}],"wp:term":[{"taxonomy":"category","embeddable":true,"href":"https:\/\/www.acapulcopress.com\/index.php\/wp-json\/wp\/v2\/categories?post=1231769"},{"taxonomy":"post_tag","embeddable":true,"href":"https:\/\/www.acapulcopress.com\/index.php\/wp-json\/wp\/v2\/tags?post=1231769"}],"curies":[{"name":"wp","href":"https:\/\/api.w.org\/{rel}","templated":true}]}}