{"id":1231787,"date":"2021-09-02T18:34:11","date_gmt":"2021-09-02T23:34:11","guid":{"rendered":"https:\/\/www.acapulco.press\/?p=1231787"},"modified":"2021-09-02T18:34:11","modified_gmt":"2021-09-02T23:34:11","slug":"nunca-mas-un-congreso-sin-la-vision-y-sin-la-voz-de-las-mujeres-gaby-bernal","status":"publish","type":"post","link":"https:\/\/www.acapulcopress.com\/index.php\/2021\/09\/02\/nunca-mas-un-congreso-sin-la-vision-y-sin-la-voz-de-las-mujeres-gaby-bernal\/","title":{"rendered":"Nunca m\u00e1s un Congreso sin la visi\u00f3n y sin la voz de las mujeres | Gaby Bernal"},"content":{"rendered":"<p style=\"text-align: justify;\">CHILPANCINGO. * 2 de septiembre de 2021.<br \/>\n<em>) Especial.<br \/>\n<\/em>La diputada local por el Partido Revolucionario Institucional (PRI), Gabriela Bernal Res\u00e9ndiz, asegur\u00f3 que las mujeres tendr\u00e1n voz, <img loading=\"lazy\" decoding=\"async\" class=\"alignleft size-medium wp-image-1231788\" src=\"https:\/\/www.acapulco.press\/wp-content\/uploads\/2021\/09\/Gaby-Bernal-375x453.jpg\" alt=\"\" width=\"375\" height=\"453\" \/>voto y realmente ser\u00e1n escuchadas en el Congreso del Estado de Guerrero, debido a que es la \u00abprimer legislatura paritaria\u00bb.<\/p>\n<p style=\"text-align: justify;\">Tras rendir protesta el pasado mi\u00e9rcoles como diputada de la LXIII Legislatura local, #GabyBernal dijo estar \u00aborgullosa de pertenecer a la primer legislatura paritaria, que por primera vez en la historia de Guerrero estar\u00e1 integrada con el 50 por ciento de mujeres y 50 por ciento de hombres\u00bb.<\/p>\n<p style=\"text-align: justify;\">Bernal Res\u00e9ndiz asegur\u00f3 que a partir de hoy \u00abnunca m\u00e1s habr\u00e1 un Congreso sin la visi\u00f3n de las mujeres, sin nuestra voz, sin nuestras ideas para transformar a Guerrero\u00bb.<\/p>\n<p style=\"text-align: justify;\">As\u00ed mismo. indic\u00f3 la voz de las guerrerenses ser\u00e1 escuchada con fuerza, porque \u00abes tiempo de las mujeres\u00bb, y afirm\u00f3 que en ella todos los ciudadanos tendr\u00e1n una digna representaci\u00f3n y, al mismo tiempo, agradeci\u00f3 a quienes le dan la oportunidad de llevar al Congreso su voz, su sentir y sus anhelos de hacer de Guerrero un estado con mayores oportunidades de desarrollo social y econ\u00f3mico.<\/p>\n<p><img loading=\"lazy\" decoding=\"async\" class=\"alignnone wp-image-1231789 size-large\" src=\"https:\/\/www.acapulco.press\/wp-content\/uploads\/2021\/09\/Gaby-Bernal2-840x558.jpg\" alt=\"\" width=\"840\" height=\"558\" \/><\/p>\n","protected":false},"excerpt":{"rendered":"<p>CHILPANCINGO. * 2 de septiembre de 2021. ) Especial. La diputada local por el Partido Revolucionario Institucional (PRI), Gabriela Bernal Res\u00e9ndiz, asegur\u00f3 que las mujeres tendr\u00e1n voz, voto y realmente ser\u00e1n escuchadas en el Congreso del Estado de Guerrero, debido a que es la \u00abprimer legislatura paritaria\u00bb. Tras rendir protesta el pasado mi\u00e9rcoles como diputada&#8230;<\/p>\n","protected":false},"author":2,"featured_media":1231790,"comment_status":"closed","ping_status":"closed","sticky":false,"template":"","format":"standard","meta":{"footnotes":""},"categories":[61,18561],"tags":[2713,9062,12251],"class_list":["post-1231787","post","type-post","status-publish","format-standard","has-post-thumbnail","hentry","category-legislacion","category-society-politics","tag-gabybernal","tag-gabriela-bernal-resendiz","tag-lxiii-legislatura-de-guerrero"],"_links":{"self":[{"href":"https:\/\/www.acapulcopress.com\/index.php\/wp-json\/wp\/v2\/posts\/1231787","targetHints":{"allow":["GET"]}}],"collection":[{"href":"https:\/\/www.acapulcopress.com\/index.php\/wp-json\/wp\/v2\/posts"}],"about":[{"href":"https:\/\/www.acapulcopress.com\/index.php\/wp-json\/wp\/v2\/types\/post"}],"author":[{"embeddable":true,"href":"https:\/\/www.acapulcopress.com\/index.php\/wp-json\/wp\/v2\/users\/2"}],"replies":[{"embeddable":true,"href":"https:\/\/www.acapulcopress.com\/index.php\/wp-json\/wp\/v2\/comments?post=1231787"}],"version-history":[{"count":0,"href":"https:\/\/www.acapulcopress.com\/index.php\/wp-json\/wp\/v2\/posts\/1231787\/revisions"}],"wp:featuredmedia":[{"embeddable":true,"href":"https:\/\/www.acapulcopress.com\/index.php\/wp-json\/"}],"wp:attachment":[{"href":"https:\/\/www.acapulcopress.com\/index.php\/wp-json\/wp\/v2\/media?parent=1231787"}],"wp:term":[{"taxonomy":"category","embeddable":true,"href":"https:\/\/www.acapulcopress.com\/index.php\/wp-json\/wp\/v2\/categories?post=1231787"},{"taxonomy":"post_tag","embeddable":true,"href":"https:\/\/www.acapulcopress.com\/index.php\/wp-json\/wp\/v2\/tags?post=1231787"}],"curies":[{"name":"wp","href":"https:\/\/api.w.org\/{rel}","templated":true}]}}