{"id":1231796,"date":"2021-09-02T19:17:46","date_gmt":"2021-09-03T00:17:46","guid":{"rendered":"https:\/\/www.acapulco.press\/?p=1231796"},"modified":"2021-09-02T19:17:46","modified_gmt":"2021-09-03T00:17:46","slug":"denuncia-senador-anorve-ante-fge-a-manipuladores-de-conversacion-privada","status":"publish","type":"post","link":"https:\/\/www.acapulcopress.com\/index.php\/2021\/09\/02\/denuncia-senador-anorve-ante-fge-a-manipuladores-de-conversacion-privada\/","title":{"rendered":"Denuncia Senador A\u00f1orve ante FGR a manipuladores de conversaci\u00f3n privada"},"content":{"rendered":"<p style=\"text-align: justify;\">CIUDAD DE M\u00c9XICO. * 2 de septiembre de 2021.<br \/>\n<em>) Especial.<\/em><br \/>\nEl Senador Manuel A\u00f1orve acudi\u00f3 a las oficinas de la Fiscal\u00eda General de la Rep\u00fablica (FGR) a presentar la denuncia por el <em>hackeo<\/em> a su l\u00ednea celular, del que fue v\u00edctima el pasado 8 de agosto, as\u00ed como por la obtenci\u00f3n y difusi\u00f3n ilegal de una conversaci\u00f3n privada, as\u00ed como de videos ap\u00f3crifos en su contra.<\/p>\n<p style=\"text-align: justify;\">A\u00f1orve Ba\u00f1os, acompa\u00f1ado de sus abogados, Luis Enrique S\u00e1nchez Rucobo y Mario Halkin, fue recibido y atendido en la oficina del Fiscal Gertz Manero por su equipo cercano, con quienes pudo conversar para aportar mayores elementos a la investigaci\u00f3n de estos delitos, que, de acuerdo con los art\u00edculos 177 y 211 Bis del C\u00f3digo Penal Federal, pueden ser <strong>CASTIGADOS HASTA CON 12 A\u00d1OS DE PRISI\u00d3N<\/strong>.<\/p>\n<p style=\"text-align: justify;\">\u201cComo ciudadano mexicano, v\u00edctima de un delito, he venido a denunciar y buscar castigo para los responsables\u201d, asegur\u00f3 el legislador por Guerrero y afirm\u00f3 que estaba presentando la denuncia para sentar el precedente y que este tipo de delitos, ya no queden impunes.<\/p>\n<p style=\"text-align: justify;\">\u201cHoy me pasa a m\u00ed, pero ma\u00f1ana le puede pasar a cualquier mexicana o mexicano, por eso tengo la obligaci\u00f3n de actuar y darles voz a todos los que han sido v\u00edctimas, como yo, de alg\u00fan <em>hackeo<\/em> o violaci\u00f3n a sus comunicaciones privadas\u201d, puntualiz\u00f3 el Senador, quien tambi\u00e9n ha recibido muestras de apoyo, de parte de varios senadores de la pluralidad pol\u00edtica del Senado de la Rep\u00fablica.<\/p>\n<p style=\"text-align: justify;\">Finalmente, el tambi\u00e9n vicecoordinador del Grupo Parlamentario del PRI en el Senado, asegur\u00f3 que conf\u00eda en que la FGR llevar\u00e1 a cabo una investigaci\u00f3n profesional y agradeci\u00f3 al Fiscal General, Alejandro Gertz, todas las atenciones y el apoyo que le ha brindado; y no quitar\u00e1 el dedo del rengl\u00f3n, hasta que se halle a los culpables y se llegue a las \u00faltimas consecuencias.<\/p>\n","protected":false},"excerpt":{"rendered":"<p>CIUDAD DE M\u00c9XICO. * 2 de septiembre de 2021. ) Especial. El Senador Manuel A\u00f1orve acudi\u00f3 a las oficinas de la Fiscal\u00eda General de la Rep\u00fablica (FGR) a presentar la denuncia por el hackeo a su l\u00ednea celular, del que fue v\u00edctima el pasado 8 de agosto, as\u00ed como por la obtenci\u00f3n y difusi\u00f3n ilegal&#8230;<\/p>\n","protected":false},"author":2,"featured_media":1231797,"comment_status":"closed","ping_status":"closed","sticky":false,"template":"","format":"standard","meta":{"footnotes":""},"categories":[1969,1972,2005],"tags":[8691,12366],"class_list":["post-1231796","post","type-post","status-publish","format-standard","has-post-thumbnail","hentry","category-trending","category-special","category-seguridad-y-justicia","tag-fiscalia-general-de-la-republica-fgr","tag-manuel-anorve-banos"],"_links":{"self":[{"href":"https:\/\/www.acapulcopress.com\/index.php\/wp-json\/wp\/v2\/posts\/1231796","targetHints":{"allow":["GET"]}}],"collection":[{"href":"https:\/\/www.acapulcopress.com\/index.php\/wp-json\/wp\/v2\/posts"}],"about":[{"href":"https:\/\/www.acapulcopress.com\/index.php\/wp-json\/wp\/v2\/types\/post"}],"author":[{"embeddable":true,"href":"https:\/\/www.acapulcopress.com\/index.php\/wp-json\/wp\/v2\/users\/2"}],"replies":[{"embeddable":true,"href":"https:\/\/www.acapulcopress.com\/index.php\/wp-json\/wp\/v2\/comments?post=1231796"}],"version-history":[{"count":0,"href":"https:\/\/www.acapulcopress.com\/index.php\/wp-json\/wp\/v2\/posts\/1231796\/revisions"}],"wp:featuredmedia":[{"embeddable":true,"href":"https:\/\/www.acapulcopress.com\/index.php\/wp-json\/"}],"wp:attachment":[{"href":"https:\/\/www.acapulcopress.com\/index.php\/wp-json\/wp\/v2\/media?parent=1231796"}],"wp:term":[{"taxonomy":"category","embeddable":true,"href":"https:\/\/www.acapulcopress.com\/index.php\/wp-json\/wp\/v2\/categories?post=1231796"},{"taxonomy":"post_tag","embeddable":true,"href":"https:\/\/www.acapulcopress.com\/index.php\/wp-json\/wp\/v2\/tags?post=1231796"}],"curies":[{"name":"wp","href":"https:\/\/api.w.org\/{rel}","templated":true}]}}