{"id":1231805,"date":"2021-09-02T20:14:27","date_gmt":"2021-09-03T01:14:27","guid":{"rendered":"https:\/\/www.acapulco.press\/?p=1231805"},"modified":"2021-09-02T20:14:27","modified_gmt":"2021-09-03T01:14:27","slug":"captura-fiscalia-a-individuo-de-tlapa-acusado-de-violacion-agravada","status":"publish","type":"post","link":"https:\/\/www.acapulcopress.com\/index.php\/2021\/09\/02\/captura-fiscalia-a-individuo-de-tlapa-acusado-de-violacion-agravada\/","title":{"rendered":"Captura Fiscal\u00eda a individuo de Tlapa acusado de \u00abviolaci\u00f3n agravada\u00bb"},"content":{"rendered":"<p style=\"text-align: justify;\">CHILPANCINGO. * 2 de septiembre de 2021.<br \/>\n<em>) <a href=\"https:\/\/fiscaliaguerrero.gob.mx\" target=\"_blank\" rel=\"noopener\">https:\/\/fiscaliaguerrero.gob.mx<\/a>.<br \/>\n<\/em>La Polic\u00eda Investigadora Ministerial de Delitos Sexuales y Violencia Familiar de Tlapa de Comonfort, dio cumplimiento a la orden de aprehensi\u00f3n en contra de Jorge Luis \u00abN\u00bb, detenido como probable responsable del delito de violaci\u00f3n agravada.<\/p>\n<p style=\"text-align: justify;\">El imputado acudi\u00f3 el d\u00eda 13 de febrero de 2021 al domicilio de la v\u00edctima, al ver que se encontraba sola cometi\u00f3 el delito en su agravio, hechos en la carpeta judicial C-232\/2021.<\/p>\n<p style=\"text-align: justify;\">El detenido quedar\u00e1 a disposici\u00f3n del Juez de Control y Enjuiciamiento penal en la ciudad de Tlapa de Comonfort, Guerrero.<\/p>\n<p style=\"text-align: justify;\">La Fiscal\u00eda General del Estado continuar\u00e1 investigando los delitos del fuero com\u00fan y con especial seguimiento los cometidos en temas de igualdad de g\u00e9nero y menores de edad en el estado de Guerrero.<\/p>\n","protected":false},"excerpt":{"rendered":"<p>CHILPANCINGO. * 2 de septiembre de 2021. ) https:\/\/fiscaliaguerrero.gob.mx. La Polic\u00eda Investigadora Ministerial de Delitos Sexuales y Violencia Familiar de Tlapa de Comonfort, dio cumplimiento a la orden de aprehensi\u00f3n en contra de Jorge Luis \u00abN\u00bb, detenido como probable responsable del delito de violaci\u00f3n agravada. El imputado acudi\u00f3 el d\u00eda 13 de febrero de 2021&#8230;<\/p>\n","protected":false},"author":2,"featured_media":1231806,"comment_status":"closed","ping_status":"closed","sticky":false,"template":"","format":"standard","meta":{"footnotes":""},"categories":[1969,2005],"tags":[8703,10946,14737],"class_list":["post-1231805","post","type-post","status-publish","format-standard","has-post-thumbnail","hentry","category-trending","category-seguridad-y-justicia","tag-fiscalia-general-del-estado-de-guerrero-fge","tag-jorge-zuriel-de-los-santos-barrila","tag-policia-ministerial-de-guerrero"],"_links":{"self":[{"href":"https:\/\/www.acapulcopress.com\/index.php\/wp-json\/wp\/v2\/posts\/1231805","targetHints":{"allow":["GET"]}}],"collection":[{"href":"https:\/\/www.acapulcopress.com\/index.php\/wp-json\/wp\/v2\/posts"}],"about":[{"href":"https:\/\/www.acapulcopress.com\/index.php\/wp-json\/wp\/v2\/types\/post"}],"author":[{"embeddable":true,"href":"https:\/\/www.acapulcopress.com\/index.php\/wp-json\/wp\/v2\/users\/2"}],"replies":[{"embeddable":true,"href":"https:\/\/www.acapulcopress.com\/index.php\/wp-json\/wp\/v2\/comments?post=1231805"}],"version-history":[{"count":0,"href":"https:\/\/www.acapulcopress.com\/index.php\/wp-json\/wp\/v2\/posts\/1231805\/revisions"}],"wp:featuredmedia":[{"embeddable":true,"href":"https:\/\/www.acapulcopress.com\/index.php\/wp-json\/"}],"wp:attachment":[{"href":"https:\/\/www.acapulcopress.com\/index.php\/wp-json\/wp\/v2\/media?parent=1231805"}],"wp:term":[{"taxonomy":"category","embeddable":true,"href":"https:\/\/www.acapulcopress.com\/index.php\/wp-json\/wp\/v2\/categories?post=1231805"},{"taxonomy":"post_tag","embeddable":true,"href":"https:\/\/www.acapulcopress.com\/index.php\/wp-json\/wp\/v2\/tags?post=1231805"}],"curies":[{"name":"wp","href":"https:\/\/api.w.org\/{rel}","templated":true}]}}