{"id":1231811,"date":"2021-09-02T20:55:13","date_gmt":"2021-09-03T01:55:13","guid":{"rendered":"https:\/\/www.acapulco.press\/?p=1231811"},"modified":"2021-09-02T20:55:13","modified_gmt":"2021-09-03T01:55:13","slug":"reyes-rodriguez-presidente-del-tepjf","status":"publish","type":"post","link":"https:\/\/www.acapulcopress.com\/index.php\/2021\/09\/02\/reyes-rodriguez-presidente-del-tepjf\/","title":{"rendered":"Reyes Rodr\u00edguez, presidente del TEPJF"},"content":{"rendered":"<p style=\"text-align: justify;\">CIUDAD DE M\u00c9XICO. * 2 de septiembre de 2021.<br \/>\n<em>) TEPJF.<br \/>\n<\/em>El Pleno de la Sala Superior del Tribunal Electoral del Poder Judicial de la Federaci\u00f3n (TEPJF) eligi\u00f3 hoy, por unanimidad, al magistrado Reyes Rodr\u00edguez Mondrag\u00f3n como su Presidente.<\/p>\n<p style=\"text-align: justify;\">En cumplimiento a lo acordado por el Pleno en su sesi\u00f3n del 9 de agosto pasado y con fundamento en el art\u00edculo 171 de la Ley Org\u00e1nica del Poder Judicial de la Federaci\u00f3n, a las 10:00 horas de este jueves se llev\u00f3 a cabo, por videoconferencia, una sesi\u00f3n privada para someter a la deliberaci\u00f3n de las magistradas y los magistrados la elecci\u00f3n de la Presidencia del TEPJF.<\/p>\n<p style=\"text-align: justify;\">Durante la sesi\u00f3n, encabezada por la magistrada presidenta por ministerio de ley, Janine Ot\u00e1lora Malassis, al ser la decana, el magistrado Reyes Rodr\u00edguez Mondrag\u00f3n se postul\u00f3 como \u00fanico candidato para presidir el m\u00e1ximo \u00f3rgano de justicia electoral del pa\u00eds.<\/p>\n<p style=\"text-align: justify;\">Al votar por su candidatura, las magistradas y los magistrados le externaron su confianza y coincidieron en que con esta acci\u00f3n se busca dar una mayor legitimaci\u00f3n institucional al TEPJF, con el fin de fortalecerlo como garante de la voluntad democr\u00e1tica de los ciudadanos expresada en las urnas.<\/p>\n<p style=\"text-align: justify;\">Tras la votaci\u00f3n del Pleno de la Sala Superior, la magistrada Janine Ot\u00e1lora le tom\u00f3 la protesta de ley al magistrado Reyes Rodr\u00edguez Mondrag\u00f3n como presidente de la Sala Superior del TEPJF, quien ejercer\u00e1 el cargo a partir de este d\u00eda y hasta octubre de 2024.<\/p>\n<p style=\"text-align: justify;\">El magistrado Reyes Rodr\u00edguez Mondrag\u00f3n naci\u00f3 en 1974 en la Ciudad de M\u00e9xico y cuenta con la Licenciatura en Derecho por el Instituto Tecnol\u00f3gico Aut\u00f3nomo de M\u00e9xico (ITAM), as\u00ed como con las maestr\u00edas en Administraci\u00f3n y Pol\u00edticas P\u00fablicas por el Centro de Investigaci\u00f3n y Docencia Econ\u00f3micas (CIDE) y en Derecho y Sociedad por el Instituto Internacional de Sociolog\u00eda Jur\u00eddica (IISJ) de O\u00f1ati, Espa\u00f1a.<\/p>\n<p style=\"text-align: justify;\">Ha ocupado distintos cargos en la academia y la docencia, en \u00f3rganos aut\u00f3nomos, as\u00ed como en los tres poderes p\u00fablicos.<\/p>\n<p style=\"text-align: justify;\">El ahora Presidente de la Sala Superior del TEPJF ha trabajado por desarrollar el modelo de justicia abierta y se distingue por ser un juez constitucional que busca garantizar los derechos pol\u00edtico-electorales del ciudadano, siempre en apego a los principios de independencia, imparcialidad y objetividad.<\/p>\n","protected":false},"excerpt":{"rendered":"<p>CIUDAD DE M\u00c9XICO. * 2 de septiembre de 2021. ) TEPJF. El Pleno de la Sala Superior del Tribunal Electoral del Poder Judicial de la Federaci\u00f3n (TEPJF) eligi\u00f3 hoy, por unanimidad, al magistrado Reyes Rodr\u00edguez Mondrag\u00f3n como su Presidente. En cumplimiento a lo acordado por el Pleno en su sesi\u00f3n del 9 de agosto pasado&#8230;<\/p>\n","protected":false},"author":2,"featured_media":1231812,"comment_status":"closed","ping_status":"closed","sticky":false,"template":"","format":"standard","meta":{"footnotes":""},"categories":[1972,1997],"tags":[15552,17391],"class_list":["post-1231811","post","type-post","status-publish","format-standard","has-post-thumbnail","hentry","category-special","category-noticias-destacadas","tag-reyes-rodriguez-mondragon","tag-tribunal-electoral-del-poder-judicial-de-la-federacion-tepjf"],"_links":{"self":[{"href":"https:\/\/www.acapulcopress.com\/index.php\/wp-json\/wp\/v2\/posts\/1231811","targetHints":{"allow":["GET"]}}],"collection":[{"href":"https:\/\/www.acapulcopress.com\/index.php\/wp-json\/wp\/v2\/posts"}],"about":[{"href":"https:\/\/www.acapulcopress.com\/index.php\/wp-json\/wp\/v2\/types\/post"}],"author":[{"embeddable":true,"href":"https:\/\/www.acapulcopress.com\/index.php\/wp-json\/wp\/v2\/users\/2"}],"replies":[{"embeddable":true,"href":"https:\/\/www.acapulcopress.com\/index.php\/wp-json\/wp\/v2\/comments?post=1231811"}],"version-history":[{"count":0,"href":"https:\/\/www.acapulcopress.com\/index.php\/wp-json\/wp\/v2\/posts\/1231811\/revisions"}],"wp:featuredmedia":[{"embeddable":true,"href":"https:\/\/www.acapulcopress.com\/index.php\/wp-json\/"}],"wp:attachment":[{"href":"https:\/\/www.acapulcopress.com\/index.php\/wp-json\/wp\/v2\/media?parent=1231811"}],"wp:term":[{"taxonomy":"category","embeddable":true,"href":"https:\/\/www.acapulcopress.com\/index.php\/wp-json\/wp\/v2\/categories?post=1231811"},{"taxonomy":"post_tag","embeddable":true,"href":"https:\/\/www.acapulcopress.com\/index.php\/wp-json\/wp\/v2\/tags?post=1231811"}],"curies":[{"name":"wp","href":"https:\/\/api.w.org\/{rel}","templated":true}]}}