{"id":1231827,"date":"2021-09-02T21:41:23","date_gmt":"2021-09-03T02:41:23","guid":{"rendered":"https:\/\/www.acapulco.press\/?p=1231827"},"modified":"2021-09-02T21:41:23","modified_gmt":"2021-09-03T02:41:23","slug":"asumio-maria-estela-rios-gonzalez-la-consejeria-juridica-del-ejecutivo-federal","status":"publish","type":"post","link":"https:\/\/www.acapulcopress.com\/index.php\/2021\/09\/02\/asumio-maria-estela-rios-gonzalez-la-consejeria-juridica-del-ejecutivo-federal\/","title":{"rendered":"Asumi\u00f3 Mar\u00eda Estela R\u00edos Gonz\u00e1lez la consejer\u00eda jur\u00eddica del Ejecutivo Federal"},"content":{"rendered":"<p style=\"text-align: justify;\">PALACIO NACIONAL. * 2 de septiembre de 2021.<br \/>\n) Gobierno de M\u00e9xico.<br \/>\nEl presidente Andr\u00e9s Manuel L\u00f3pez Obrador inform\u00f3 que a partir de este d\u00eda asumi\u00f3 el cargo como consejera jur\u00eddica del Ejecutivo Federal (CJEF), Mar\u00eda Estela R\u00edos Gonz\u00e1lez.<\/p>\n<p style=\"text-align: justify;\">Indic\u00f3 que trabajar\u00e1 en estrecha coordinaci\u00f3n con el secretario de Gobernaci\u00f3n, Ad\u00e1n Augusto L\u00f3pez Hern\u00e1ndez, quien particip\u00f3 en la reuni\u00f3n que sostuvo el mandatario en Palacio Nacional con la nueva titular de la (CJEF).<\/p>\n<p><code><\/code><\/p>\n<blockquote class=\"twitter-tweet\">\n<p dir=\"ltr\" lang=\"es\">Ya entr\u00f3 en funciones la nueva consejera jur\u00eddica de la Presidencia, Mar\u00eda Estela R\u00edos Gonz\u00e1lez. Aunque depende del titular del Ejecutivo, trabajar\u00e1 en estrecha coordinaci\u00f3n con el secretario de Gobernaci\u00f3n, Ad\u00e1n Augusto L\u00f3pez Hern\u00e1ndez. <a href=\"https:\/\/t.co\/7KvqQemm2x\">pic.twitter.com\/7KvqQemm2x<\/a><\/p>\n<p>\u2014 Andr\u00e9s Manuel (@lopezobrador_) <a href=\"https:\/\/twitter.com\/lopezobrador_\/status\/1433492436463013888?ref_src=twsrc%5Etfw\">September 2, 2021<\/a><\/p><\/blockquote>\n<p><script async src=\"https:\/\/platform.twitter.com\/widgets.js\" charset=\"utf-8\"><\/script><\/p>\n","protected":false},"excerpt":{"rendered":"<p>PALACIO NACIONAL. * 2 de septiembre de 2021. ) Gobierno de M\u00e9xico. El presidente Andr\u00e9s Manuel L\u00f3pez Obrador inform\u00f3 que a partir de este d\u00eda asumi\u00f3 el cargo como consejera jur\u00eddica del Ejecutivo Federal (CJEF), Mar\u00eda Estela R\u00edos Gonz\u00e1lez. Indic\u00f3 que trabajar\u00e1 en estrecha coordinaci\u00f3n con el secretario de Gobernaci\u00f3n, Ad\u00e1n Augusto L\u00f3pez Hern\u00e1ndez, quien&#8230;<\/p>\n","protected":false},"author":2,"featured_media":1231828,"comment_status":"closed","ping_status":"closed","sticky":false,"template":"","format":"standard","meta":{"footnotes":""},"categories":[1969,1974],"tags":[3896,6406,12569,13772],"class_list":["post-1231827","post","type-post","status-publish","format-standard","has-post-thumbnail","hentry","category-trending","category-eventos-politicos","tag-andres-manuel-lopez-obrador","tag-consejeria-juridica-del-ejecutivo-federal-cjef","tag-maria-estela-rios-gonzalez","tag-noticias-de-amlo"],"_links":{"self":[{"href":"https:\/\/www.acapulcopress.com\/index.php\/wp-json\/wp\/v2\/posts\/1231827","targetHints":{"allow":["GET"]}}],"collection":[{"href":"https:\/\/www.acapulcopress.com\/index.php\/wp-json\/wp\/v2\/posts"}],"about":[{"href":"https:\/\/www.acapulcopress.com\/index.php\/wp-json\/wp\/v2\/types\/post"}],"author":[{"embeddable":true,"href":"https:\/\/www.acapulcopress.com\/index.php\/wp-json\/wp\/v2\/users\/2"}],"replies":[{"embeddable":true,"href":"https:\/\/www.acapulcopress.com\/index.php\/wp-json\/wp\/v2\/comments?post=1231827"}],"version-history":[{"count":0,"href":"https:\/\/www.acapulcopress.com\/index.php\/wp-json\/wp\/v2\/posts\/1231827\/revisions"}],"wp:featuredmedia":[{"embeddable":true,"href":"https:\/\/www.acapulcopress.com\/index.php\/wp-json\/"}],"wp:attachment":[{"href":"https:\/\/www.acapulcopress.com\/index.php\/wp-json\/wp\/v2\/media?parent=1231827"}],"wp:term":[{"taxonomy":"category","embeddable":true,"href":"https:\/\/www.acapulcopress.com\/index.php\/wp-json\/wp\/v2\/categories?post=1231827"},{"taxonomy":"post_tag","embeddable":true,"href":"https:\/\/www.acapulcopress.com\/index.php\/wp-json\/wp\/v2\/tags?post=1231827"}],"curies":[{"name":"wp","href":"https:\/\/api.w.org\/{rel}","templated":true}]}}