{"id":1231847,"date":"2021-09-03T16:40:54","date_gmt":"2021-09-03T21:40:54","guid":{"rendered":"https:\/\/www.acapulco.press\/?p=1231847"},"modified":"2021-09-03T16:40:54","modified_gmt":"2021-09-03T21:40:54","slug":"preside-gilberto-solano-primer-presidente-indigena-electo-entrega-recepcion-de-los-bienes-de-tlapa","status":"publish","type":"post","link":"https:\/\/www.acapulcopress.com\/index.php\/2021\/09\/03\/preside-gilberto-solano-primer-presidente-indigena-electo-entrega-recepcion-de-los-bienes-de-tlapa\/","title":{"rendered":"Preside Gilberto Solano, primer presidente ind\u00edgena electo, entrega\/recepci\u00f3n de los bienes de Tlapa"},"content":{"rendered":"<figure id=\"attachment_1231853\" aria-describedby=\"caption-attachment-1231853\" style=\"width: 840px\" class=\"wp-caption alignnone\"><img loading=\"lazy\" decoding=\"async\" class=\"wp-image-1231853 size-large\" src=\"https:\/\/www.acapulco.press\/wp-content\/uploads\/2021\/09\/Gilberto-Solano-Tlapa6-840x560.jpg\" alt=\"\" width=\"840\" height=\"560\" \/><figcaption id=\"caption-attachment-1231853\" class=\"wp-caption-text\"><strong>El presidente saliente, Dionicio Merced Pichardo, y el presidente lecto entrante de Tlapa de Comonfort, Gilberto Solano Arreaga.<\/strong><\/figcaption><\/figure>\n<p style=\"text-align: justify;\">\u00bb <strong>\u00c1ngel Blanco\u00a0<\/strong><br \/>\nTLAPA DE COMONFORT, Gro. * 3 de septiembre de 2021.<br \/>\n<em>) Acapulco.press<br \/>\n<\/em><img loading=\"lazy\" decoding=\"async\" class=\"alignleft size-medium wp-image-1231852\" src=\"https:\/\/www.acapulco.press\/wp-content\/uploads\/2021\/09\/Gilberto-Solano-Tlapa5-375x250.jpg\" alt=\"\" width=\"375\" height=\"250\" \/>Esta ma\u00f1ana se llev\u00f3 a cabo la ceremonia de entrega\/recepci\u00f3n de las administraciones municipales salientes y entrantes en Tlapa de Comonfort, representadas por Dionicio Merced Pichardo Garc\u00eda y el primer presidente ind\u00edgena electo, Gilberto Solano Arreaga.<\/p>\n<p style=\"text-align: justify;\">Fue un acto de compromiso y respecto, se\u00f1al\u00f3 el alcalde electo, quien agradeci\u00f3 \u00aba nombre de los pueblos originarios de la Monta\u00f1a\u00bb la atenci\u00f3n y el respeto otorgado al pueblo tlapaneco por parte del actual presidente Pichardo Garc\u00eda, con quien siempre ha mantenido un relaci\u00f3n de respeto, \u00abpues los dos tenemos una misma finalidad,: mejorar las condiciones de vida de nuestros hermanos ind\u00edgenas\u00bb.<\/p>\n<p style=\"text-align: justify;\">El \u00abprimer presidente ind\u00edgena\u00bb electo encabez\u00f3 el comit\u00e9 de su administraci\u00f3n que los bienes muebles e inmuebles del municipio a fin de facilitar el inicio de su gesti\u00f3n en la pr\u00f3xima administraci\u00f3n p\u00fablica.<\/p>\n<p><code><iframe loading=\"lazy\" style=\"border: none; overflow: hidden;\" src=\"https:\/\/www.facebook.com\/plugins\/video.php?height=272&amp;href=https%3A%2F%2Fwww.facebook.com%2Facapulcopress%2Fvideos%2F527882315183701%2F&amp;show_text=false&amp;width=560&amp;t=0\" width=\"560\" height=\"272\" frameborder=\"0\" scrolling=\"no\" allowfullscreen=\"allowfullscreen\"><\/iframe><\/code><\/p>\n<p>www.<strong>acapulco<\/strong>.press<\/p>\n","protected":false},"excerpt":{"rendered":"<p>\u00bb \u00c1ngel Blanco\u00a0 TLAPA DE COMONFORT, Gro. * 3 de septiembre de 2021. ) Acapulco.press Esta ma\u00f1ana se llev\u00f3 a cabo la ceremonia de entrega\/recepci\u00f3n de las administraciones municipales salientes y entrantes en Tlapa de Comonfort, representadas por Dionicio Merced Pichardo Garc\u00eda y el primer presidente ind\u00edgena electo, Gilberto Solano Arreaga. Fue un acto de&#8230;<\/p>\n","protected":false},"author":2,"featured_media":1231854,"comment_status":"closed","ping_status":"closed","sticky":false,"template":"","format":"standard","meta":{"footnotes":""},"categories":[1972,18561,2009],"tags":[4495,7331,9199,9321],"class_list":["post-1231847","post","type-post","status-publish","format-standard","has-post-thumbnail","hentry","category-special","category-society-politics","category-politics","tag-ayuntamiento-de-tlapa","tag-dionicio-merced-pichardo-garcia","tag-gilberto-solano-arreaga","tag-gobierno-de-tlapa"],"_links":{"self":[{"href":"https:\/\/www.acapulcopress.com\/index.php\/wp-json\/wp\/v2\/posts\/1231847","targetHints":{"allow":["GET"]}}],"collection":[{"href":"https:\/\/www.acapulcopress.com\/index.php\/wp-json\/wp\/v2\/posts"}],"about":[{"href":"https:\/\/www.acapulcopress.com\/index.php\/wp-json\/wp\/v2\/types\/post"}],"author":[{"embeddable":true,"href":"https:\/\/www.acapulcopress.com\/index.php\/wp-json\/wp\/v2\/users\/2"}],"replies":[{"embeddable":true,"href":"https:\/\/www.acapulcopress.com\/index.php\/wp-json\/wp\/v2\/comments?post=1231847"}],"version-history":[{"count":0,"href":"https:\/\/www.acapulcopress.com\/index.php\/wp-json\/wp\/v2\/posts\/1231847\/revisions"}],"wp:featuredmedia":[{"embeddable":true,"href":"https:\/\/www.acapulcopress.com\/index.php\/wp-json\/"}],"wp:attachment":[{"href":"https:\/\/www.acapulcopress.com\/index.php\/wp-json\/wp\/v2\/media?parent=1231847"}],"wp:term":[{"taxonomy":"category","embeddable":true,"href":"https:\/\/www.acapulcopress.com\/index.php\/wp-json\/wp\/v2\/categories?post=1231847"},{"taxonomy":"post_tag","embeddable":true,"href":"https:\/\/www.acapulcopress.com\/index.php\/wp-json\/wp\/v2\/tags?post=1231847"}],"curies":[{"name":"wp","href":"https:\/\/api.w.org\/{rel}","templated":true}]}}