{"id":1231864,"date":"2021-09-03T18:33:47","date_gmt":"2021-09-03T23:33:47","guid":{"rendered":"https:\/\/www.acapulco.press\/?p=1231864"},"modified":"2021-09-03T18:33:47","modified_gmt":"2021-09-03T23:33:47","slug":"en-operativo-encabezado-por-fge-recupera-profepa-area-invadida-del-parque-el-veladero","status":"publish","type":"post","link":"https:\/\/www.acapulcopress.com\/index.php\/2021\/09\/03\/en-operativo-encabezado-por-fge-recupera-profepa-area-invadida-del-parque-el-veladero\/","title":{"rendered":"En operativo encabezado por FGE recupera Profepa \u00e1rea invadida del Parque El Veladero"},"content":{"rendered":"<p><img loading=\"lazy\" decoding=\"async\" class=\"alignnone wp-image-1231873 size-large\" src=\"https:\/\/www.acapulco.press\/wp-content\/uploads\/2021\/09\/FGE-PARQUE-VELADERO9-840x559.jpg\" alt=\"\" width=\"840\" height=\"559\" \/><\/p>\n<p>ACAPULCO, Gro. * 3 de septiembre de 2021.<br \/>\n<em>) Acapulco.press<\/em><\/p>\n<p style=\"text-align: justify;\"><img loading=\"lazy\" decoding=\"async\" class=\"alignleft size-medium wp-image-1231874\" src=\"https:\/\/www.acapulco.press\/wp-content\/uploads\/2021\/09\/FGE-PARQUE-VELADERO10-375x250.jpg\" alt=\"\" width=\"375\" height=\"250\" \/>En un operativo conjunto desplegado por la Fiscal\u00eda General del Estado (FGE), Secretar\u00eda de Marina (Semar), Guardia Nacional (GN), Secretar\u00eda de Seguridad P\u00fablica de Guerrero (SSPGro) y el Gobierno de Acapulco, la Procuradur\u00eda Federal de Protecci\u00f3n al Ambiente (Profepa) clausur\u00f3 y recuper\u00f3 el \u00e1rea de La Chinameca, donde invasores abr\u00edan calles, con ayuda de maquinaria pesada, para instalar sus viviendas, invadiendo la zona protegida del Parque Nacional \u201cEl Veladero\u201d.<\/p>\n<p style=\"text-align: justify;\">A trav\u00e9s de su p\u00e1gina oficial en Facebook, el gobernador H\u00e9ctor Astudillo Flores, inform\u00f3 que por tal motivo se interpusieron ante la Fiscal\u00eda General de la Rep\u00fablica (FGR) y Fiscal\u00eda General del Estado (FGE)las denuncias correspondientes contra quienes resulten responsables por la ocupaci\u00f3n y lucro ilegal de estos espacios propiedad de la Federaci\u00f3n.<\/p>\n\n","protected":false},"excerpt":{"rendered":"<p>ACAPULCO, Gro. * 3 de septiembre de 2021. ) Acapulco.press En un operativo conjunto desplegado por la Fiscal\u00eda General del Estado (FGE), Secretar\u00eda de Marina (Semar), Guardia Nacional (GN), Secretar\u00eda de Seguridad P\u00fablica de Guerrero (SSPGro) y el Gobierno de Acapulco, la Procuradur\u00eda Federal de Protecci\u00f3n al Ambiente (Profepa) clausur\u00f3 y recuper\u00f3 el \u00e1rea de&#8230;<\/p>\n","protected":false},"author":2,"featured_media":1231877,"comment_status":"closed","ping_status":"closed","sticky":false,"template":"","format":"standard","meta":{"footnotes":""},"categories":[1972,2074,18561],"tags":[3046,8696,9533,9705,16222,16269],"class_list":["post-1231864","post","type-post","status-publish","format-standard","has-post-thumbnail","hentry","category-special","category-medio-ambiente","category-society-politics","tag-a-procuraduria-federal-de-proteccion-al-ambiente-profepa","tag-fiscalia-general-del-estado-fge","tag-guardia-nacional-gn","tag-hector-astudillo-flores","tag-secretaria-de-marina-semar","tag-secretaria-de-seguridad-publica-de-guerrero-sspgro"],"_links":{"self":[{"href":"https:\/\/www.acapulcopress.com\/index.php\/wp-json\/wp\/v2\/posts\/1231864","targetHints":{"allow":["GET"]}}],"collection":[{"href":"https:\/\/www.acapulcopress.com\/index.php\/wp-json\/wp\/v2\/posts"}],"about":[{"href":"https:\/\/www.acapulcopress.com\/index.php\/wp-json\/wp\/v2\/types\/post"}],"author":[{"embeddable":true,"href":"https:\/\/www.acapulcopress.com\/index.php\/wp-json\/wp\/v2\/users\/2"}],"replies":[{"embeddable":true,"href":"https:\/\/www.acapulcopress.com\/index.php\/wp-json\/wp\/v2\/comments?post=1231864"}],"version-history":[{"count":0,"href":"https:\/\/www.acapulcopress.com\/index.php\/wp-json\/wp\/v2\/posts\/1231864\/revisions"}],"wp:featuredmedia":[{"embeddable":true,"href":"https:\/\/www.acapulcopress.com\/index.php\/wp-json\/"}],"wp:attachment":[{"href":"https:\/\/www.acapulcopress.com\/index.php\/wp-json\/wp\/v2\/media?parent=1231864"}],"wp:term":[{"taxonomy":"category","embeddable":true,"href":"https:\/\/www.acapulcopress.com\/index.php\/wp-json\/wp\/v2\/categories?post=1231864"},{"taxonomy":"post_tag","embeddable":true,"href":"https:\/\/www.acapulcopress.com\/index.php\/wp-json\/wp\/v2\/tags?post=1231864"}],"curies":[{"name":"wp","href":"https:\/\/api.w.org\/{rel}","templated":true}]}}