{"id":1231885,"date":"2021-09-03T19:28:32","date_gmt":"2021-09-04T00:28:32","guid":{"rendered":"https:\/\/www.acapulco.press\/?p=1231885"},"modified":"2021-09-03T19:28:32","modified_gmt":"2021-09-04T00:28:32","slug":"diego-garcia-dio-a-mexico-la-septima-medalla-dorada-en-paralimpicos-de-tokio","status":"publish","type":"post","link":"https:\/\/www.acapulcopress.com\/index.php\/2021\/09\/03\/diego-garcia-dio-a-mexico-la-septima-medalla-dorada-en-paralimpicos-de-tokio\/","title":{"rendered":"Diego Garc\u00eda dio a M\u00e9xico la s\u00e9ptima medalla dorada en paral\u00edmpicos de Tokio"},"content":{"rendered":"<p style=\"text-align: justify;\"><img loading=\"lazy\" decoding=\"async\" class=\"alignnone wp-image-1231889 size-large\" src=\"https:\/\/www.acapulco.press\/wp-content\/uploads\/2021\/09\/Juan-Diego-Garcia3-840x506.jpeg\" alt=\"\" width=\"840\" height=\"506\" \/><\/p>\n<p style=\"text-align: justify;\">TOKYO. * 3 de septiembre de 2021.<br \/>\n<em>) Conade.<\/em><br \/>\n<img loading=\"lazy\" decoding=\"async\" class=\"alignleft size-medium wp-image-1231888\" src=\"https:\/\/www.acapulco.press\/wp-content\/uploads\/2021\/09\/Juan-Diego-Garcia-375x255.jpeg\" alt=\"\" width=\"375\" height=\"255\" \/>El sinaloense Juan Diego Garc\u00eda L\u00f3pez, de tan solo 18 a\u00f1os, registr\u00f3 su nombre en los anales de la historia del deporte nacional, al conquistar la medalla de oro en el para taekwondo de los Juegos Paral\u00edmpicos de Tokio 2020, justa en la que esta disciplina debut\u00f3; esta presea complet\u00f3 los siete metales dorados que nuestro pa\u00eds suma en lo que va de la justa veraniega.<\/p>\n<p style=\"text-align: justify;\">El campe\u00f3n de Lima 2019, venci\u00f3 por 26-20, en la final de la categor\u00eda K44 -75 kilogramos, al iran\u00ed Mahdi Pourrahnamaahmadgourabi, por marcador final de 26-20, tras empatar a 6 tantos en el primer round y terminar 20-12 en el segundo tiempo.<\/p>\n<p style=\"text-align: justify;\">\u00abMe siento muy contento, la verdad es que todo el trabajo que estuvimos haciendo durante todo este proceso, este oro es fruto de ello, estoy muy agradecido con todas las personas que estuvieron al pendiente de m\u00ed, no tengo palabras para describir todos los sentimientos que tengo ahora\u00bb, comparti\u00f3 el campe\u00f3n en entrevista con la Comisi\u00f3n Nacional de Cultura F\u00edsica y Deporte <img loading=\"lazy\" decoding=\"async\" class=\"alignleft size-medium wp-image-1231886\" src=\"https:\/\/www.acapulco.press\/wp-content\/uploads\/2021\/09\/Juan-Diego-Garcia-2-375x479.jpeg\" alt=\"\" width=\"375\" height=\"479\" \/>(Conade).<\/p>\n<p style=\"text-align: justify;\">\u00abSer el primer mexicano en ganar una medalla en el para taekwondo, me llena mucho de orgullo, me siento muy agradecido con Dios por esta oportunidad que me brind\u00f3 y que supe aprovechar al m\u00e1ximo\u201d, dijo.<\/p>\n<p style=\"text-align: justify;\">\u00abSab\u00eda que iba a ser una final en la que no ten\u00eda que perder la cabeza, iba a ser de mucha inteligencia, no me ten\u00eda que relajar en ning\u00fan momento porque sab\u00eda que todo pod\u00eda pasar, fui muy fr\u00edo, estuve trabajando mucho con mi psic\u00f3logo el estar tranquilo y sobrellevar el combate\u00bb, destac\u00f3 Juan Diego Garc\u00eda.<\/p>\n<p style=\"text-align: justify;\">Por \u00faltimo, agradeci\u00f3 a su entrenadora Jannet Alegr\u00eda y a todas las personas que lo apoyaron en este proceso. En su camino al podio, el tambi\u00e9n campe\u00f3n mundial derrot\u00f3 por marcador final de 38-5, en cuartos de final a Albulfaz Abuzarli de Azerbaiy\u00e1n.<\/p>\n<p style=\"text-align: justify;\">Instalado en semifinales, libr\u00f3 un cerrado combate que estuvo a punto de terminar en empate, contra el ruso Magomedzagir Isaldibirov, a quien dobleg\u00f3 en el \u00faltimo round por 14-12 , para asegurar medalla en la jornada hist\u00f3rica.<\/p>\n<p style=\"text-align: justify;\">Con este logro, M\u00e9xico lleg\u00f3 a siete metales dorados y 21 medallas totales, con lo que super\u00f3 la actuaci\u00f3n de R\u00edo 2016 y Londres 2012.<\/p>\n<p style=\"text-align: justify;\">Este s\u00e1bado ver\u00e1n acci\u00f3n en el para taekwondo, Francisco Pedroza en la categor\u00eda K44 +75 kilogramos y Daniela Mart\u00ednez en K44 + 58 Kg.<\/p>\n<p style=\"text-align: justify;\"><img loading=\"lazy\" decoding=\"async\" class=\"alignnone wp-image-1231887 size-large\" src=\"https:\/\/www.acapulco.press\/wp-content\/uploads\/2021\/09\/Juan-Diego-Garcia-Lopez-840x576.jpeg\" alt=\"\" width=\"840\" height=\"576\" \/><\/p>\n","protected":false},"excerpt":{"rendered":"<p>TOKYO. * 3 de septiembre de 2021. ) Conade. El sinaloense Juan Diego Garc\u00eda L\u00f3pez, de tan solo 18 a\u00f1os, registr\u00f3 su nombre en los anales de la historia del deporte nacional, al conquistar la medalla de oro en el para taekwondo de los Juegos Paral\u00edmpicos de Tokio 2020, justa en la que esta disciplina&#8230;<\/p>\n","protected":false},"author":2,"featured_media":1231890,"comment_status":"closed","ping_status":"closed","sticky":false,"template":"","format":"standard","meta":{"footnotes":""},"categories":[1972,1988,18566],"tags":[11178,11281],"class_list":["post-1231885","post","type-post","status-publish","format-standard","has-post-thumbnail","hentry","category-special","category-lifestyles","category-sports-lifestyles","tag-juan-diego-garcia-lopez","tag-juegos-paralimpicos-de-tokio-2020"],"_links":{"self":[{"href":"https:\/\/www.acapulcopress.com\/index.php\/wp-json\/wp\/v2\/posts\/1231885","targetHints":{"allow":["GET"]}}],"collection":[{"href":"https:\/\/www.acapulcopress.com\/index.php\/wp-json\/wp\/v2\/posts"}],"about":[{"href":"https:\/\/www.acapulcopress.com\/index.php\/wp-json\/wp\/v2\/types\/post"}],"author":[{"embeddable":true,"href":"https:\/\/www.acapulcopress.com\/index.php\/wp-json\/wp\/v2\/users\/2"}],"replies":[{"embeddable":true,"href":"https:\/\/www.acapulcopress.com\/index.php\/wp-json\/wp\/v2\/comments?post=1231885"}],"version-history":[{"count":0,"href":"https:\/\/www.acapulcopress.com\/index.php\/wp-json\/wp\/v2\/posts\/1231885\/revisions"}],"wp:featuredmedia":[{"embeddable":true,"href":"https:\/\/www.acapulcopress.com\/index.php\/wp-json\/"}],"wp:attachment":[{"href":"https:\/\/www.acapulcopress.com\/index.php\/wp-json\/wp\/v2\/media?parent=1231885"}],"wp:term":[{"taxonomy":"category","embeddable":true,"href":"https:\/\/www.acapulcopress.com\/index.php\/wp-json\/wp\/v2\/categories?post=1231885"},{"taxonomy":"post_tag","embeddable":true,"href":"https:\/\/www.acapulcopress.com\/index.php\/wp-json\/wp\/v2\/tags?post=1231885"}],"curies":[{"name":"wp","href":"https:\/\/api.w.org\/{rel}","templated":true}]}}