{"id":1231897,"date":"2021-09-03T19:48:37","date_gmt":"2021-09-04T00:48:37","guid":{"rendered":"https:\/\/www.acapulco.press\/?p=1231897"},"modified":"2021-09-03T19:48:37","modified_gmt":"2021-09-04T00:48:37","slug":"presenta-museo-de-mexico-las-visiones-plasticas-de-tenochtitlan","status":"publish","type":"post","link":"https:\/\/www.acapulcopress.com\/index.php\/2021\/09\/03\/presenta-museo-de-mexico-las-visiones-plasticas-de-tenochtitlan\/","title":{"rendered":"Presenta Museo de M\u00e9xico las \u00abVisiones pl\u00e1sticas de Tenochtitlan\u00bb,"},"content":{"rendered":"<p style=\"text-align: justify;\">CIUDAD DE M\u00c9XICO. * 3 de septiembre de 2021.<br \/>\n<em>) <a href=\"https:\/\/www.efe.com\/efe\/espana\/cultura\/la-muestra-visiones-plasticas-de-tenochtitlan-abre-en-ciudad-mexico\/10005-4622185\" target=\"_blank\" rel=\"noopener\">Efe<\/a>.<\/em><br \/>\nUna narrativa temporal sobre la cultura mexica y el despojo de sus pueblos originarios con la invasi\u00f3n espa\u00f1ola ofrece la exposici\u00f3n \u00abVisiones pl\u00e1sticas de Tenochtitlan\u00bb, que abri\u00f3 este viernes en el Museo de la Ciudad de M\u00e9xico con motivo de la conmemoraci\u00f3n de los \u00ab500 a\u00f1os de Resistencia Ind\u00edgena\u00bb.<\/p>\n<p style=\"text-align: justify;\">Integrada por m\u00e1s de 55 piezas, la muestra incluye acervo del recinto y obra externa, que busca acercar al p\u00fablico a distintas t\u00e9cnicas y soportes que van desde la cartograf\u00eda, el dibujo, la pintura, la escultura, la litograf\u00eda y la instalaci\u00f3n, para conocer c\u00f3dices facs\u00edmiles, adem\u00e1s de un boceto de la primera muralista mexicana, Aurora Reyes.<\/p>\n<p style=\"text-align: justify;\">A trav\u00e9s de esta narrativa pl\u00e1stica y con la finalidad de proponer un recuento de los sucesos que marcaron la formaci\u00f3n del M\u00e9xico actual, la exposici\u00f3n revisa una l\u00ednea hist\u00f3rica exhibida en dos salas del recinto: en una se observa un recorrido por el M\u00e9xico-Tenochtitlan previo a la intervenci\u00f3n espa\u00f1ola y en la otra se expone la ca\u00edda del poder\u00edo mexica.<\/p>\n<p style=\"text-align: justify;\">\u00abLa exposici\u00f3n motiva a cuestionarse qui\u00e9nes somos, de d\u00f3nde venimos y qu\u00e9 queremos ser ma\u00f1ana\u00bb, destac\u00f3 la titular de la Secretaria de Cultura capitalina, Vannesa Boh\u00f3rquez, durante la inauguraci\u00f3n.<\/p>\n<p style=\"text-align: justify;\">Adem\u00e1s, dijo que la exposici\u00f3n pone a dialogar parte del acervo del museo con la obra de cinco artistas contempor\u00e1neos: Daniel Lezama, Betsabe\u00e9 Romero, Eric P\u00e9rez, Ulises Portillo y Roberto Granados \u00abGerso\u00bb, \u00abpara visibilizar que desde esta disciplina tambi\u00e9n se ha aportado en la construcci\u00f3n de la historia\u00bb.<\/p>\n<p style=\"text-align: justify;\">Lezama, quien exhibe \u00abLa familia de la Malinche\u00bb, cont\u00f3, en entrevista con Efe, que su obra est\u00e1 basada en el cuadro \u00abLa Malinche y Cort\u00e9s\u00bb, del muralista mexicano Jos\u00e9 Clemente Orozco.<\/p>\n<p style=\"text-align: justify;\">\u00abEs una especie de glosa sobre esa imagen, aqu\u00ed se resuelve la din\u00e1mica entre las dos figuras esenciales que representan las dos parte de un conflicto o de un encuentro en el hecho de tener un hijo y que ese hijo sea el mestizaje mexicano\u00bb, explic\u00f3 Lezama.<\/p>\n<p style=\"text-align: justify;\">Mientras tanto, Romero participa con \u00abEl ojo de la serpiente\u00bb y \u00abEterno peregrinaje II\u00bb; Portillo fue el creador de \u00abLa pasi\u00f3n de Isabel\u00bb, y Granados presenta una obra elaborada ex profeso en la que retrata el Escudo Nacional y la cabeza de serpiente del Museo de la Ciudad de M\u00e9xico, adem\u00e1s de obra del autodidacta Eric P\u00e9rez.<\/p>\n<p style=\"text-align: justify;\">\u00abVisiones pl\u00e1sticas de Tenochtitlan\u00bb se exhibir\u00e1 hasta febrero de 2022 en el Museo de la Ciudad de M\u00e9xico, situado en el Centro Hist\u00f3rico de la capital.<\/p>\n<p style=\"text-align: justify;\">La exposici\u00f3n es un evento entre el marat\u00f3n de conmemoraciones dise\u00f1adas este a\u00f1o por el Gobierno de Andr\u00e9s Manuel L\u00f3pez Obrador para resignificar la conquista espa\u00f1ola y ensalzar a los mexicas como el principal pueblo originario de M\u00e9xico.<\/p>\n","protected":false},"excerpt":{"rendered":"<p>CIUDAD DE M\u00c9XICO. * 3 de septiembre de 2021. ) Efe. Una narrativa temporal sobre la cultura mexica y el despojo de sus pueblos originarios con la invasi\u00f3n espa\u00f1ola ofrece la exposici\u00f3n \u00abVisiones pl\u00e1sticas de Tenochtitlan\u00bb, que abri\u00f3 este viernes en el Museo de la Ciudad de M\u00e9xico con motivo de la conmemoraci\u00f3n de los&#8230;<\/p>\n","protected":false},"author":2,"featured_media":1231898,"comment_status":"closed","ping_status":"closed","sticky":false,"template":"","format":"standard","meta":{"footnotes":""},"categories":[2025,1988],"tags":[2320,3021,13441],"class_list":["post-1231897","post","type-post","status-publish","format-standard","has-post-thumbnail","hentry","category-arte-y-literatura","category-lifestyles","tag-visiones-plasticas-de-tenochtitlan","tag-500-anos-de-resistencia-indigena","tag-museo-de-la-ciudad-de-mexico"],"_links":{"self":[{"href":"https:\/\/www.acapulcopress.com\/index.php\/wp-json\/wp\/v2\/posts\/1231897","targetHints":{"allow":["GET"]}}],"collection":[{"href":"https:\/\/www.acapulcopress.com\/index.php\/wp-json\/wp\/v2\/posts"}],"about":[{"href":"https:\/\/www.acapulcopress.com\/index.php\/wp-json\/wp\/v2\/types\/post"}],"author":[{"embeddable":true,"href":"https:\/\/www.acapulcopress.com\/index.php\/wp-json\/wp\/v2\/users\/2"}],"replies":[{"embeddable":true,"href":"https:\/\/www.acapulcopress.com\/index.php\/wp-json\/wp\/v2\/comments?post=1231897"}],"version-history":[{"count":0,"href":"https:\/\/www.acapulcopress.com\/index.php\/wp-json\/wp\/v2\/posts\/1231897\/revisions"}],"wp:featuredmedia":[{"embeddable":true,"href":"https:\/\/www.acapulcopress.com\/index.php\/wp-json\/"}],"wp:attachment":[{"href":"https:\/\/www.acapulcopress.com\/index.php\/wp-json\/wp\/v2\/media?parent=1231897"}],"wp:term":[{"taxonomy":"category","embeddable":true,"href":"https:\/\/www.acapulcopress.com\/index.php\/wp-json\/wp\/v2\/categories?post=1231897"},{"taxonomy":"post_tag","embeddable":true,"href":"https:\/\/www.acapulcopress.com\/index.php\/wp-json\/wp\/v2\/tags?post=1231897"}],"curies":[{"name":"wp","href":"https:\/\/api.w.org\/{rel}","templated":true}]}}