{"id":1231903,"date":"2021-09-03T20:24:30","date_gmt":"2021-09-04T01:24:30","guid":{"rendered":"https:\/\/www.acapulco.press\/?p=1231903"},"modified":"2021-09-03T20:24:30","modified_gmt":"2021-09-04T01:24:30","slug":"proximo-lunes-guerrero-subira-a-naranja","status":"publish","type":"post","link":"https:\/\/www.acapulcopress.com\/index.php\/2021\/09\/03\/proximo-lunes-guerrero-subira-a-naranja\/","title":{"rendered":"Pr\u00f3ximo lunes, Guerrero subir\u00e1 a &#8216;naranja&#8217;"},"content":{"rendered":"<p style=\"text-align: justify;\">CIUDAD DE M\u00c9XICO. * 3 de septiembre de 2021.<br \/>\n<em>) Expansi\u00f3n.<\/em><br \/>\nLa Secretar\u00eda de Salud (SSa) dio a conocer el cambio de sem\u00e1foro epidemiol\u00f3gico en el pa\u00eds en esta tercera ola de la pandemia de COVID-19, en el que destaca que ninguna entidad tiene el color rojo, que identifica el riesgo m\u00e1ximo.<\/p>\n<p style=\"text-align: justify;\">En su informe t\u00e9cnico diario, la SSa detall\u00f3 que hay 17 entidades en color naranja, entre ellas Guerrero; 13 en amarillo y dos en color verde. El sem\u00e1foro epidemiol\u00f3gico entrar\u00e1 en vigor el pr\u00f3ximo 6 al 19 de septiembre.<\/p>\n<p style=\"text-align: justify;\">La dependencia federal detall\u00f3 que en 24 horas se sumaron 725 decesos a causa del COVID-19, para un total de 262,221 personas que han perdido la vida a causa de la enfermedad.<\/p>\n<p style=\"text-align: justify;\">Respecto al n\u00famero de casos reportados, en 24 horas se acumularon hasta este viernes 17,409 casos. En la tercera ola de la pandemia en total hay 3 millones 405,294 casos.<\/p>\n<p style=\"text-align: justify;\"><strong>CdMx pasa a amarillo; Edomex se queda en naranja<\/strong><\/p>\n<p style=\"text-align: justify;\">El gobierno de la Ciudad de M\u00e9xico, a cargo de la jefa de Gobierno, Claudia Sheinbaum, inform\u00f3 que la capital pasa a sem\u00e1foro amarillo a partir del pr\u00f3ximo lunes 6 de septiembre.<\/p>\n<p style=\"text-align: justify;\">Con la entrada del sem\u00e1foro amarillo, quedan eliminadas las restricciones en aforos y horarios en restaurantes, plazas comerciales, gimnasios, oficinas, museos y diversos comercios.<\/p>\n<p style=\"text-align: justify;\">Mientras que el gobernador del Estado de M\u00e9xico, Alfredo del Mazo, inform\u00f3 que la entidad permanecer\u00e1 en sem\u00e1foro naranja por las pr\u00f3ximas dos semanas.<\/p>\n","protected":false},"excerpt":{"rendered":"<p>CIUDAD DE M\u00c9XICO. * 3 de septiembre de 2021. ) Expansi\u00f3n. La Secretar\u00eda de Salud (SSa) dio a conocer el cambio de sem\u00e1foro epidemiol\u00f3gico en el pa\u00eds en esta tercera ola de la pandemia de COVID-19, en el que destaca que ninguna entidad tiene el color rojo, que identifica el riesgo m\u00e1ximo. En su informe&#8230;<\/p>\n","protected":false},"author":2,"featured_media":1231904,"comment_status":"closed","ping_status":"closed","sticky":false,"template":"","format":"standard","meta":{"footnotes":""},"categories":[1997],"tags":[16240,16425],"class_list":["post-1231903","post","type-post","status-publish","format-standard","has-post-thumbnail","hentry","category-noticias-destacadas","tag-secretaria-de-salud-ssa","tag-semaforo-epidemiologico"],"_links":{"self":[{"href":"https:\/\/www.acapulcopress.com\/index.php\/wp-json\/wp\/v2\/posts\/1231903","targetHints":{"allow":["GET"]}}],"collection":[{"href":"https:\/\/www.acapulcopress.com\/index.php\/wp-json\/wp\/v2\/posts"}],"about":[{"href":"https:\/\/www.acapulcopress.com\/index.php\/wp-json\/wp\/v2\/types\/post"}],"author":[{"embeddable":true,"href":"https:\/\/www.acapulcopress.com\/index.php\/wp-json\/wp\/v2\/users\/2"}],"replies":[{"embeddable":true,"href":"https:\/\/www.acapulcopress.com\/index.php\/wp-json\/wp\/v2\/comments?post=1231903"}],"version-history":[{"count":0,"href":"https:\/\/www.acapulcopress.com\/index.php\/wp-json\/wp\/v2\/posts\/1231903\/revisions"}],"wp:featuredmedia":[{"embeddable":true,"href":"https:\/\/www.acapulcopress.com\/index.php\/wp-json\/"}],"wp:attachment":[{"href":"https:\/\/www.acapulcopress.com\/index.php\/wp-json\/wp\/v2\/media?parent=1231903"}],"wp:term":[{"taxonomy":"category","embeddable":true,"href":"https:\/\/www.acapulcopress.com\/index.php\/wp-json\/wp\/v2\/categories?post=1231903"},{"taxonomy":"post_tag","embeddable":true,"href":"https:\/\/www.acapulcopress.com\/index.php\/wp-json\/wp\/v2\/tags?post=1231903"}],"curies":[{"name":"wp","href":"https:\/\/api.w.org\/{rel}","templated":true}]}}